{"id":58858,"date":"2024-07-27T11:21:17","date_gmt":"2024-07-27T17:21:17","guid":{"rendered":"https:\/\/informativoelvalledeaguascalientes.online\/?p=58858"},"modified":"2024-07-27T21:23:29","modified_gmt":"2024-07-28T03:23:29","slug":"el-domingo-28-de-julio-se-celebrara-la-expo-ambiental-en-la-linea-verde","status":"publish","type":"post","link":"https:\/\/informativoelvalledeaguascalientes.online\/?p=58858","title":{"rendered":"EL DOMINGO 28 DE JULIO SE CELEBRAR\u00c1 LA EXPO AMBIENTAL EN LA L\u00cdNEA VERDE"},"content":{"rendered":"<p>#informativoelvalledeaguascalientes<\/p>\n<p>#novaradioaguascalientes<\/p>\n<p>#informativoelvalledeaguascalientesll<\/p>\n<p>&nbsp;<\/p>\n<p>&nbsp;<\/p>\n<ul>\n<li><strong>Se reitera la invitaci\u00f3n a la ciudadan\u00eda a disfrutar de diferentes actividades de las 10:00 a las 18:00 horas<\/strong><\/li>\n<\/ul>\n<p>Este domingo 28 de julio se realizar\u00e1 la Expo Ambiental promovida por el Instituto de Convivencia y Desarrollo L\u00ednea Verde, con la finalidad de crear conciencia sobre la conservaci\u00f3n de recursos y la sostenibilidad, en donde se llevar\u00e1n a cabo una serie de interesantes y din\u00e1micas actividades.<\/p>\n<p>La Expo ambiental se llevar\u00e1 a cabo de 10 de la ma\u00f1ana a 6 de la tarde en Viller\u00edas sobre L\u00ednea Verde.<\/p>\n<p>Las actividades que se realizar\u00e1n van dirigidas a toda la ciudadan\u00eda. Hay actividades familiares, talleres para ni\u00f1os, ni\u00f1as y adultos.<\/p>\n<p>Se contar\u00e1 con la participaci\u00f3n de dependencias municipales y estatales, as\u00ed como promotores del cuidado ambiental, instituciones educativas, viveristas y emprendedores.<\/p>\n<p>El programa de actividades es el siguiente:<\/p>\n<ul>\n<li>10:00 horas, reforestaci\u00f3n de 100 arbolitos. Y la participaci\u00f3n musical de Ecoplanet<\/li>\n<li>11:00 horas, taller de cuidado del agua a cargo de grupo Scout Nemeton<\/li>\n<li>11:00 horas, taller \u201cC\u00f3mo darle calidad de vida a tus plantas sin morir en el intento\u201d impartido por Mar\u00eda Cristina Valderrama S\u00e1nchez de Breynia<\/li>\n<li>12:00 horas, taller de polinizadores, impartido por la Secretar\u00eda de Sustentabilidad, Medio Ambiente y Agua del Gobierno del Estado<\/li>\n<li>12:00 horas, taller de terrarios, impartido por la escuela de ingl\u00e9s Royalt English Institute<\/li>\n<li>13:00 horas, taller de filtraci\u00f3n del agua, a cargo del grupo Scout 95<\/li>\n<li>14:00 horas, taller bot\u00e1nico, por Imma Sherezada Reyes Velazco, miembro honorario del grupo Scout 45<\/li>\n<li>14:00 horas, taller \u201cTuber\u00edas y Mangueras\u201d impartido por Cultura del agua MIAA<\/li>\n<li>15:00 horas, taller \u201cHuella H\u00eddrica\u201d, impartido por Cultura del agua MIAA<\/li>\n<li>16:00 horas, taller de microhuertos<\/li>\n<li>16:00 horas, taller de creaci\u00f3n de libretas ecol\u00f3gicas<\/li>\n<li>17:00 horas, presentaci\u00f3n de Circus Elements, obra de teatro sobre cuidado del agua<\/li>\n<\/ul>\n<p>Cabe recordar que de 10:00 a.m. a 6:00 p.m., se contar\u00e1 con una actividad de venta y trueque de plantas.<\/p>\n","protected":false},"excerpt":{"rendered":"<p>#informativoelvalledeaguascalientes #novaradioaguascalientes #informativoelvalledeaguascalientesll &nbsp; &nbsp; Se reitera la invitaci\u00f3n a la ciudadan\u00eda a disfrutar de diferentes actividades de las 10:00 a las 18:00 horas Este domingo 28 de julio se realizar\u00e1 la Expo Ambiental promovida por el Instituto de Convivencia y Desarrollo L\u00ednea Verde, con la finalidad de crear conciencia sobre la conservaci\u00f3n de recursos [&hellip;]<\/p>\n","protected":false},"author":13383,"featured_media":58859,"comment_status":"closed","ping_status":"open","sticky":false,"template":"","format":"standard","meta":{"advanced_seo_description":"","jetpack_seo_html_title":"","jetpack_seo_noindex":false,"_jetpack_memberships_contains_paid_content":false,"footnotes":"","jetpack_publicize_message":"","jetpack_publicize_feature_enabled":true,"jetpack_social_post_already_shared":true,"jetpack_social_options":{"image_generator_settings":{"template":"highway","default_image_id":0,"font":"","enabled":false},"version":2}},"categories":[21,3],"tags":[22,837,613,25],"class_list":["post-58858","post","type-post","status-publish","format-standard","has-post-thumbnail","hentry","category-aguascalientes","category-municipio-aguascalientes","tag-aguascalientes","tag-expo-ambiental","tag-instituto-de-convivencia-y-desarrollo-linea-verde","tag-mpio-aguascalientes"],"jetpack_publicize_connections":[],"jetpack_featured_media_url":"https:\/\/i0.wp.com\/informativoelvalledeaguascalientes.online\/wp-content\/uploads\/2024\/07\/IMG_8453.jpg?fit=2000%2C1126&ssl=1","jetpack-related-posts":[],"jetpack_sharing_enabled":true,"jetpack_likes_enabled":true,"_links":{"self":[{"href":"https:\/\/informativoelvalledeaguascalientes.online\/index.php?rest_route=\/wp\/v2\/posts\/58858","targetHints":{"allow":["GET"]}}],"collection":[{"href":"https:\/\/informativoelvalledeaguascalientes.online\/index.php?rest_route=\/wp\/v2\/posts"}],"about":[{"href":"https:\/\/informativoelvalledeaguascalientes.online\/index.php?rest_route=\/wp\/v2\/types\/post"}],"author":[{"embeddable":true,"href":"https:\/\/informativoelvalledeaguascalientes.online\/index.php?rest_route=\/wp\/v2\/users\/13383"}],"replies":[{"embeddable":true,"href":"https:\/\/informativoelvalledeaguascalientes.online\/index.php?rest_route=%2Fwp%2Fv2%2Fcomments&post=58858"}],"version-history":[{"count":1,"href":"https:\/\/informativoelvalledeaguascalientes.online\/index.php?rest_route=\/wp\/v2\/posts\/58858\/revisions"}],"predecessor-version":[{"id":58860,"href":"https:\/\/informativoelvalledeaguascalientes.online\/index.php?rest_route=\/wp\/v2\/posts\/58858\/revisions\/58860"}],"wp:featuredmedia":[{"embeddable":true,"href":"https:\/\/informativoelvalledeaguascalientes.online\/index.php?rest_route=\/wp\/v2\/media\/58859"}],"wp:attachment":[{"href":"https:\/\/informativoelvalledeaguascalientes.online\/index.php?rest_route=%2Fwp%2Fv2%2Fmedia&parent=58858"}],"wp:term":[{"taxonomy":"category","embeddable":true,"href":"https:\/\/informativoelvalledeaguascalientes.online\/index.php?rest_route=%2Fwp%2Fv2%2Fcategories&post=58858"},{"taxonomy":"post_tag","embeddable":true,"href":"https:\/\/informativoelvalledeaguascalientes.online\/index.php?rest_route=%2Fwp%2Fv2%2Ftags&post=58858"}],"curies":[{"name":"wp","href":"https:\/\/api.w.org\/{rel}","templated":true}]}}