{"id":58837,"date":"2024-07-27T14:06:27","date_gmt":"2024-07-27T20:06:27","guid":{"rendered":"https:\/\/informativoelvalledeaguascalientes.online\/?p=58837"},"modified":"2024-07-27T21:09:19","modified_gmt":"2024-07-28T03:09:19","slug":"comienza-la-primera-cata-urbana-en-el-barrio-de-san-marcos-con-tepezala-como-invitado-especial","status":"publish","type":"post","link":"https:\/\/informativoelvalledeaguascalientes.online\/?p=58837","title":{"rendered":"Comienza la Primera Cata Urbana en el Barrio de San Marcos con Tepezal\u00e1 como Invitado Especial"},"content":{"rendered":"<p>#informativoelvalledeaguascalientes<\/p>\n<p>#novaradioaguascalientes<\/p>\n<p>#informativoelvalledeaguascalientesll<\/p>\n<p>&nbsp;<\/p>\n<p>&nbsp;<\/p>\n<p>\u00a1Ya arrancamos con la primera Cata Urbana en el Barrio de San Marcos! Este evento, que se celebrar\u00e1 durante todo el fin de semana, tiene como invitado especial al municipio de Tepezal\u00e1. Hoy hemos dado inicio con una bendici\u00f3n en el Templo de Nuestra Se\u00f1ora del Carmen, honrando la cosecha, la tierra, la vendimia y las manos trabajadoras que hacen posible esta fiesta.<\/p>\n<p>Te invitamos a venir al Barrio de San Marcos y disfrutar de la cultura, gastronom\u00eda, m\u00fasica y baile en una celebraci\u00f3n \u00fanica.<\/p>\n<p>\ud83d\udc49\ud83c\udffb\u2764Recuerda que la entrada es gratuita y abierto al p\u00fablico.<\/p>\n<p>VIN\u00cdCOLAS, VI\u00d1EDOS Y PRODUCTORES PARTICIPANTES<\/p>\n<p>\ud83d\udc49\ud83c\udffbParticipan 16 vin\u00edcolas, bodegas y productores:\ud83c\udf47<br \/>\n1. Vi\u00f1edos Santa M\u00f3nica<br \/>\n2. Vinos Regina<br \/>\n3. Vi\u00f1a Las Cruces<br \/>\n4. Vi\u00f1edos Santa Rita<br \/>\n5. Casa Manr\u00edquez<br \/>\n6. Arte y Fuego<br \/>\n7. Vin\u00edcola Santa Elena<br \/>\n8. La Encomienda<br \/>\n9. Los Llorones<br \/>\n10. Hasen<br \/>\n11. Segunda Parte<br \/>\n12. Somms 8<br \/>\n13. Vin\u00edcola Tres Amores<br \/>\n14. Gosarte<br \/>\n15. Por un beso<br \/>\n16. Kasa Xawat<\/p>\n<p>ARTESAN\u00cdA \ud83d\uddbc\ud83c\udfad\ud83c\udfa8<\/p>\n<p>Podr\u00e1s encontrar artesan\u00edas de:<br \/>\n1. Auromar Joyer\u00eda<br \/>\n2. RA Roc\u00edo Aguayo<br \/>\n3. Iv\u00e1n Pugga<br \/>\n4. Casa de las Artesan\u00edas &#8220;San Marcos&#8221;<br \/>\n5. Casa de las Artesan\u00edas Aguascalientes<br \/>\n6. Municipio de Tepezal\u00e1<\/p>\n<p>GASTRONOM\u00cdA\ud83c\udf2e\ud83e\udd58<br \/>\nVen y disfruta de la deliciosa gastronom\u00eda con:<br \/>\n1. Texans Wannabe BBQ Joint<br \/>\n2. Lech\u00f3n Pascualito<br \/>\n3. Olive<br \/>\n4. Cocineras Tradicionales<br \/>\n5. Ice Cream Gourmet Fusion<br \/>\n6. Nona Pizza<br \/>\n7. Paella La Rosal\u00eda<br \/>\n8. Le Pib<br \/>\n9. Quesos Artesano<br \/>\n10. Rancho Ubuntu<\/p>\n<p>ACTIVIDADES \ud83d\udc83\ud83e\ude70<br \/>\nAqu\u00ed algunas actividades que se realizar\u00e1n hoy. \u00a1A\u00fan tienes tiempo para disfrutar!<\/p>\n<p>*S\u00e1bado 27 de julio*<br \/>\n&#8211; 14:00 a 15:00 hrs: Cata guiada con sommelier<br \/>\n&#8211; 15:00 a 16:00 hrs: M\u00fasica ambiental<br \/>\n&#8211; 16:00 a 17:00 hrs: Cata guiada con sommelier<br \/>\n&#8211; 17:00 a 18:45 hrs: M\u00fasica en vivo por parte del ICA<br \/>\n&#8211; 19:00 a 20:45 hrs: M\u00fasica en vivo por parte del ICA<br \/>\n&#8211; 21:00 hrs: Ferial de la Uva<\/p>\n<p>\u00a1Te esperamos en el Barrio de San Marcos para celebrar\u00a0juntos!<\/p>\n","protected":false},"excerpt":{"rendered":"<p>#informativoelvalledeaguascalientes #novaradioaguascalientes #informativoelvalledeaguascalientesll &nbsp; &nbsp; \u00a1Ya arrancamos con la primera Cata Urbana en el Barrio de San Marcos! Este evento, que se celebrar\u00e1 durante todo el fin de semana, tiene como invitado especial al municipio de Tepezal\u00e1. Hoy hemos dado inicio con una bendici\u00f3n en el Templo de Nuestra Se\u00f1ora del Carmen, honrando la cosecha, [&hellip;]<\/p>\n","protected":false},"author":13383,"featured_media":58838,"comment_status":"closed","ping_status":"open","sticky":false,"template":"","format":"standard","meta":{"advanced_seo_description":"","jetpack_seo_html_title":"","jetpack_seo_noindex":false,"_jetpack_memberships_contains_paid_content":false,"footnotes":"","jetpack_publicize_message":"","jetpack_publicize_feature_enabled":true,"jetpack_social_post_already_shared":true,"jetpack_social_options":{"image_generator_settings":{"template":"highway","default_image_id":0,"font":"","enabled":false},"version":2}},"categories":[21,4],"tags":[22,34],"class_list":["post-58837","post","type-post","status-publish","format-standard","has-post-thumbnail","hentry","category-aguascalientes","category-gobierno-del-estado-aguascalientes","tag-aguascalientes","tag-sectur"],"jetpack_publicize_connections":[],"jetpack_featured_media_url":"https:\/\/i0.wp.com\/informativoelvalledeaguascalientes.online\/wp-content\/uploads\/2024\/07\/Imagen-de-WhatsApp-2024-07-27-a-las-14.16.37_6795fb77-scaled.jpg?fit=1920%2C2560&ssl=1","jetpack-related-posts":[],"jetpack_sharing_enabled":true,"jetpack_likes_enabled":true,"_links":{"self":[{"href":"https:\/\/informativoelvalledeaguascalientes.online\/index.php?rest_route=\/wp\/v2\/posts\/58837","targetHints":{"allow":["GET"]}}],"collection":[{"href":"https:\/\/informativoelvalledeaguascalientes.online\/index.php?rest_route=\/wp\/v2\/posts"}],"about":[{"href":"https:\/\/informativoelvalledeaguascalientes.online\/index.php?rest_route=\/wp\/v2\/types\/post"}],"author":[{"embeddable":true,"href":"https:\/\/informativoelvalledeaguascalientes.online\/index.php?rest_route=\/wp\/v2\/users\/13383"}],"replies":[{"embeddable":true,"href":"https:\/\/informativoelvalledeaguascalientes.online\/index.php?rest_route=%2Fwp%2Fv2%2Fcomments&post=58837"}],"version-history":[{"count":1,"href":"https:\/\/informativoelvalledeaguascalientes.online\/index.php?rest_route=\/wp\/v2\/posts\/58837\/revisions"}],"predecessor-version":[{"id":58839,"href":"https:\/\/informativoelvalledeaguascalientes.online\/index.php?rest_route=\/wp\/v2\/posts\/58837\/revisions\/58839"}],"wp:featuredmedia":[{"embeddable":true,"href":"https:\/\/informativoelvalledeaguascalientes.online\/index.php?rest_route=\/wp\/v2\/media\/58838"}],"wp:attachment":[{"href":"https:\/\/informativoelvalledeaguascalientes.online\/index.php?rest_route=%2Fwp%2Fv2%2Fmedia&parent=58837"}],"wp:term":[{"taxonomy":"category","embeddable":true,"href":"https:\/\/informativoelvalledeaguascalientes.online\/index.php?rest_route=%2Fwp%2Fv2%2Fcategories&post=58837"},{"taxonomy":"post_tag","embeddable":true,"href":"https:\/\/informativoelvalledeaguascalientes.online\/index.php?rest_route=%2Fwp%2Fv2%2Ftags&post=58837"}],"curies":[{"name":"wp","href":"https:\/\/api.w.org\/{rel}","templated":true}]}}