{"id":5843,"date":"2020-04-29T11:19:00","date_gmt":"2020-04-29T17:19:00","guid":{"rendered":"https:\/\/informativoelvalledeaguascalientes.online\/?p=5843"},"modified":"2020-04-29T11:19:00","modified_gmt":"2020-04-29T17:19:00","slug":"gobierno-de-orozco-sandoval-comprometido-con-un-sistema-de-transporte-publico-seguro-para-la-sociedad-aguascalentense","status":"publish","type":"post","link":"https:\/\/informativoelvalledeaguascalientes.online\/?p=5843","title":{"rendered":"GOBIERNO DE OROZCO SANDOVAL, COMPROMETIDO CON UN SISTEMA DE TRANSPORTE P\u00daBLICO SEGURO PARA LA SOCIEDAD AGUASCALENTENSE"},"content":{"rendered":"<ul>\n<li><strong>M\u00e1s del 50% de usuarios de transporte p\u00fablico for\u00e1neo, colectivo y taxi utilizan unidades para realizar actividades esenciales como trabajo, compra de v\u00edveres y salud<\/strong><\/li>\n<li dir=\"ltr\">\n<p dir=\"ltr\"><strong>Gobierno del estado asume su responsabilidad de ofrecer y supervisar un transporte\u00a0 p\u00fablico que cuente con medidas preventivas como la portaci\u00f3n obligatoria de cubrebocas y gel antibacterial<\/strong><\/p>\n<\/li>\n<\/ul>\n<p>&nbsp;<\/p>\n<p dir=\"ltr\">Hay actividades de las cuales no podemos prescindir, una de ellas es el servicio de transporte p\u00fablico, el cual permite dar movilidad a la sociedad aguascalentense para realizar sus actividades esenciales como trasladarse al trabajo, adquirir productos alimenticios y atender su salud, por ello, debemos garantizar que est\u00e9 en condiciones \u00f3ptimas de higiene para todas y todos; as\u00ed lo precis\u00f3 el gobernador Mart\u00edn Orozco Sandoval al encabezar los trabajos de sanitizaci\u00f3n en terminales de transporte p\u00fablico en su modalidad colectivo de zona for\u00e1nea y \u00e1rea metropolitana de la ciudad capital.<\/p>\n<p>&nbsp;<\/p>\n<p dir=\"ltr\">En este sentido, apunt\u00f3 que las din\u00e1micas econ\u00f3micas de distintos grupos poblacionales les orilla a seguir con sus actividades fuera de casa a pesar de la contingencia sanitaria, por lo que\u00a0 el Gobierno del Estado asume su responsabilidad y compromiso de ofrecer y supervisar un transporte p\u00fablico que cuente con medidas preventivas como la portaci\u00f3n obligatoria de cubrebocas y gel antibacterial, que a su vez, permitir\u00e1 que la econom\u00eda familiar y la salud de estos aguascalentenses no se detenga y se mantenga protegida.<\/p>\n<p>&nbsp;<\/p>\n<p dir=\"ltr\">Orozco Sandoval explic\u00f3 que esta medidas permitir\u00e1n a la sociedad aguascalentense seguir realizando actividades esenciales con miras a una reactivaci\u00f3n econ\u00f3mica paulatina, pero sin descuidar la salud de grupos en condici\u00f3n vulnerable.<\/p>\n<p>&nbsp;<\/p>\n<p dir=\"ltr\">En su oportunidad, Gustavo Guti\u00e9rrez, encargado de despacho de la Coordinaci\u00f3n de Movilidad inform\u00f3 que de acuerdo a una encuesta realizada a m\u00e1s de 250 usuarios del transporte p\u00fablico en su modalidad colectiva, for\u00e1nea y taxi, se identific\u00f3 que m\u00e1s del 50% siguen utilizando este servicio para realizar actividades esenciales de \u00edndole laboral, compra de productos alimenticios y v\u00edveres,\u00a0 as\u00ed como cuestiones relacionadas a la salud<\/p>\n<p>&nbsp;<\/p>\n<p dir=\"ltr\">Cabe mencionar que en esta gira de supervisi\u00f3n, el gobernador verific\u00f3 la sanitizaci\u00f3n del interior y exterior de las unidades, adem\u00e1s de entregar a choferes\u00a0 y usuarios cubrebocas y gel antibacterial para su uso durante los recorridos que realizan diariamente en sus rutas.<\/p>\n","protected":false},"excerpt":{"rendered":"<p>M\u00e1s del 50% de usuarios de transporte p\u00fablico for\u00e1neo, colectivo y taxi utilizan unidades para realizar actividades esenciales como trabajo, compra de v\u00edveres y salud Gobierno del estado asume su responsabilidad de ofrecer y supervisar un transporte\u00a0 p\u00fablico que cuente con medidas preventivas como la portaci\u00f3n obligatoria de cubrebocas y gel antibacterial &nbsp; Hay actividades [&hellip;]<\/p>\n","protected":false},"author":1,"featured_media":5844,"comment_status":"closed","ping_status":"open","sticky":false,"template":"","format":"standard","meta":{"advanced_seo_description":"","jetpack_seo_html_title":"","jetpack_seo_noindex":false,"_jetpack_memberships_contains_paid_content":false,"footnotes":"","jetpack_publicize_message":"","jetpack_publicize_feature_enabled":true,"jetpack_social_post_already_shared":true,"jetpack_social_options":{"image_generator_settings":{"template":"highway","default_image_id":0,"font":"","enabled":false},"version":2}},"categories":[21,4],"tags":[22,31],"class_list":["post-5843","post","type-post","status-publish","format-standard","has-post-thumbnail","hentry","category-aguascalientes","category-gobierno-del-estado-aguascalientes","tag-aguascalientes","tag-mos"],"jetpack_publicize_connections":[],"jetpack_featured_media_url":"https:\/\/i0.wp.com\/informativoelvalledeaguascalientes.online\/wp-content\/uploads\/2020\/04\/WhatsApp-Image-2020-04-28-at-13.07.44-1.jpeg?fit=1196%2C797&ssl=1","jetpack-related-posts":[],"jetpack_sharing_enabled":true,"jetpack_likes_enabled":true,"_links":{"self":[{"href":"https:\/\/informativoelvalledeaguascalientes.online\/index.php?rest_route=\/wp\/v2\/posts\/5843","targetHints":{"allow":["GET"]}}],"collection":[{"href":"https:\/\/informativoelvalledeaguascalientes.online\/index.php?rest_route=\/wp\/v2\/posts"}],"about":[{"href":"https:\/\/informativoelvalledeaguascalientes.online\/index.php?rest_route=\/wp\/v2\/types\/post"}],"author":[{"embeddable":true,"href":"https:\/\/informativoelvalledeaguascalientes.online\/index.php?rest_route=\/wp\/v2\/users\/1"}],"replies":[{"embeddable":true,"href":"https:\/\/informativoelvalledeaguascalientes.online\/index.php?rest_route=%2Fwp%2Fv2%2Fcomments&post=5843"}],"version-history":[{"count":1,"href":"https:\/\/informativoelvalledeaguascalientes.online\/index.php?rest_route=\/wp\/v2\/posts\/5843\/revisions"}],"predecessor-version":[{"id":5845,"href":"https:\/\/informativoelvalledeaguascalientes.online\/index.php?rest_route=\/wp\/v2\/posts\/5843\/revisions\/5845"}],"wp:featuredmedia":[{"embeddable":true,"href":"https:\/\/informativoelvalledeaguascalientes.online\/index.php?rest_route=\/wp\/v2\/media\/5844"}],"wp:attachment":[{"href":"https:\/\/informativoelvalledeaguascalientes.online\/index.php?rest_route=%2Fwp%2Fv2%2Fmedia&parent=5843"}],"wp:term":[{"taxonomy":"category","embeddable":true,"href":"https:\/\/informativoelvalledeaguascalientes.online\/index.php?rest_route=%2Fwp%2Fv2%2Fcategories&post=5843"},{"taxonomy":"post_tag","embeddable":true,"href":"https:\/\/informativoelvalledeaguascalientes.online\/index.php?rest_route=%2Fwp%2Fv2%2Ftags&post=5843"}],"curies":[{"name":"wp","href":"https:\/\/api.w.org\/{rel}","templated":true}]}}