{"id":5804,"date":"2020-04-27T18:43:03","date_gmt":"2020-04-28T00:43:03","guid":{"rendered":"https:\/\/informativoelvalledeaguascalientes.online\/?p=5804"},"modified":"2020-04-27T18:43:03","modified_gmt":"2020-04-28T00:43:03","slug":"martha-marquez-pone-a-disposicion-amparos-para-personal-de-salud","status":"publish","type":"post","link":"https:\/\/informativoelvalledeaguascalientes.online\/?p=5804","title":{"rendered":"MARTHA M\u00c1RQUEZ PONE A DISPOSICI\u00d3N AMPAROS PARA PERSONAL DE SALUD\u00a0"},"content":{"rendered":"<p><b><i>\u00b7 El amparo busca que se dote de los insumos necesarios al personal de salud<\/i><\/b><\/p>\n<p><b><i>\u00b7 Se debe respetar al personal m\u00e9dico que est\u00e1 al frente de la batalla contra el COVID-19\u00a0\u00a0<\/i><\/b><\/p>\n<p>En conferencia de prensa virtual, la Senadora Martha M\u00e1rquez Alvarado puso a disposici\u00f3n amparos para proteger al personal de salud frente a la pandemia; busca que trav\u00e9s de estos se les pueda dotar de insumos necesarios para el digno y seguro desarrollo del trabajo que hoy realizan.<\/p>\n<p>\u201cEl amparo es el instrumento para defender a los ciudadanos de las arbitrariedades del Gobierno Federal, ante la falta de disposici\u00f3n del Grupo mayoritario en el Senado, buscamos proteger mediante este recurso al personal m\u00e9dico para que se garantice su derecho a la salud\u201d explic\u00f3.<\/p>\n<p>M\u00e1rquez Alvarado indic\u00f3 que estar\u00e1 acompa\u00f1ando al personal de salud para la presentaci\u00f3n de\u00a0\u00a0amparos con el objetivo de que se les dote de mascarillas, protecci\u00f3n ocular, protector f\u00e1cil completo, guantes, batas especializadas para que puedan desempe\u00f1ar su labor con dignidad y seguridad y evitar una mayor propagaci\u00f3n de contagios.<\/p>\n<p>Aunado a esto, se\u00f1al\u00f3 que se ha sumado al apoyo al personal m\u00e9dico a trav\u00e9s de una donaci\u00f3n al Hospital Infantil de M\u00e9xico Federico G\u00f3mez, y reconoci\u00f3 a la sociedad civil organizada, los ciudadanos y el empresariado han dado un paso al frente para brindar apoyo al personal m\u00e9dico.<\/p>\n<p>Por otra parte, hizo un llamado a la poblaci\u00f3n a respetar al personal de salud, pues dijo, son ellos quienes de manera heroica est\u00e1n poniendo en riesgo su vida al servicio de las familias mexicanas, a pesar de las carencias del Sistema de Salud.<\/p>\n<p>\u201cPese a estas negativas, no hemos cedido y no lo haremos, en mi caso como\u00a0\u00a0Secretaria de la Comisi\u00f3n de Salud del Senado, \u00a1seguir\u00e9 agotando todos los recursos posibles para hacer frente a esta cr\u00edtica y lamentable situaci\u00f3n!\u201d concluy\u00f3.<\/p>\n","protected":false},"excerpt":{"rendered":"<p>\u00b7 El amparo busca que se dote de los insumos necesarios al personal de salud \u00b7 Se debe respetar al personal m\u00e9dico que est\u00e1 al frente de la batalla contra el COVID-19\u00a0\u00a0 En conferencia de prensa virtual, la Senadora Martha M\u00e1rquez Alvarado puso a disposici\u00f3n amparos para proteger al personal de salud frente a la [&hellip;]<\/p>\n","protected":false},"author":1,"featured_media":5805,"comment_status":"closed","ping_status":"open","sticky":false,"template":"","format":"standard","meta":{"advanced_seo_description":"","jetpack_seo_html_title":"","jetpack_seo_noindex":false,"_jetpack_memberships_contains_paid_content":false,"footnotes":"","jetpack_publicize_message":"","jetpack_publicize_feature_enabled":true,"jetpack_social_post_already_shared":true,"jetpack_social_options":{"image_generator_settings":{"template":"highway","default_image_id":0,"font":"","enabled":false},"version":2}},"categories":[21,7],"tags":[22,23],"class_list":["post-5804","post","type-post","status-publish","format-standard","has-post-thumbnail","hentry","category-aguascalientes","category-pan-aguascalientes","tag-aguascalientes","tag-pan-aguascalientes"],"jetpack_publicize_connections":[],"jetpack_featured_media_url":"https:\/\/i0.wp.com\/informativoelvalledeaguascalientes.online\/wp-content\/uploads\/2020\/04\/MM_27ABRIL_optimized-scaled.jpg?fit=2560%2C1707&ssl=1","jetpack-related-posts":[],"jetpack_sharing_enabled":true,"jetpack_likes_enabled":true,"_links":{"self":[{"href":"https:\/\/informativoelvalledeaguascalientes.online\/index.php?rest_route=\/wp\/v2\/posts\/5804","targetHints":{"allow":["GET"]}}],"collection":[{"href":"https:\/\/informativoelvalledeaguascalientes.online\/index.php?rest_route=\/wp\/v2\/posts"}],"about":[{"href":"https:\/\/informativoelvalledeaguascalientes.online\/index.php?rest_route=\/wp\/v2\/types\/post"}],"author":[{"embeddable":true,"href":"https:\/\/informativoelvalledeaguascalientes.online\/index.php?rest_route=\/wp\/v2\/users\/1"}],"replies":[{"embeddable":true,"href":"https:\/\/informativoelvalledeaguascalientes.online\/index.php?rest_route=%2Fwp%2Fv2%2Fcomments&post=5804"}],"version-history":[{"count":1,"href":"https:\/\/informativoelvalledeaguascalientes.online\/index.php?rest_route=\/wp\/v2\/posts\/5804\/revisions"}],"predecessor-version":[{"id":5806,"href":"https:\/\/informativoelvalledeaguascalientes.online\/index.php?rest_route=\/wp\/v2\/posts\/5804\/revisions\/5806"}],"wp:featuredmedia":[{"embeddable":true,"href":"https:\/\/informativoelvalledeaguascalientes.online\/index.php?rest_route=\/wp\/v2\/media\/5805"}],"wp:attachment":[{"href":"https:\/\/informativoelvalledeaguascalientes.online\/index.php?rest_route=%2Fwp%2Fv2%2Fmedia&parent=5804"}],"wp:term":[{"taxonomy":"category","embeddable":true,"href":"https:\/\/informativoelvalledeaguascalientes.online\/index.php?rest_route=%2Fwp%2Fv2%2Fcategories&post=5804"},{"taxonomy":"post_tag","embeddable":true,"href":"https:\/\/informativoelvalledeaguascalientes.online\/index.php?rest_route=%2Fwp%2Fv2%2Ftags&post=5804"}],"curies":[{"name":"wp","href":"https:\/\/api.w.org\/{rel}","templated":true}]}}