{"id":57947,"date":"2024-07-12T11:19:14","date_gmt":"2024-07-12T17:19:14","guid":{"rendered":"https:\/\/informativoelvalledeaguascalientes.online\/?p=57947"},"modified":"2024-07-12T11:19:14","modified_gmt":"2024-07-12T17:19:14","slug":"aguascalientes-entre-los-cuatro-estados-con-mayor-generacion-de-empleos-a-nivel-nacional","status":"publish","type":"post","link":"https:\/\/informativoelvalledeaguascalientes.online\/?p=57947","title":{"rendered":"AGUASCALIENTES, ENTRE LOS CUATRO ESTADOS CON MAYOR GENERACI\u00d3N DE EMPLEOS A NIVEL NACIONAL"},"content":{"rendered":"<p>#informativoelvalledeaguascalientes<\/p>\n<p>#novaradioaguascalientes<\/p>\n<p>#informativoelvalledeaguascalientesll<\/p>\n<p>&nbsp;<\/p>\n<p>&nbsp;<\/p>\n<div class=\"\" data-mesh-id=\"comp-l7sh9ubr2inlineContent\" data-testid=\"inline-content\">\n<div data-mesh-id=\"comp-l7sh9ubr2inlineContent-gridContainer\" data-testid=\"mesh-container-content\">\n<div id=\"comp-l7sh9ubx\" class=\"TWFxr5 \">\n<div class=\"comp-l7sh9ubx\">\n<div class=\"siSdJK4 comp-l7sh9ubx\" data-hook=\"ricosviewer-wrapper\">\n<div class=\"U4I07\" dir=\"ltr\" data-id=\"content-viewer\">\n<div class=\"hl-xW\">\n<div>\n<p id=\"viewer-foo\" class=\"-Zro6 -ZADH IjV6v AnCKd _57WYp\"><span class=\"d0767\">Tras conocer que Aguascalientes se ubic\u00f3 en el cuarto lugar a nivel nacional entre los estados con mayor generaci\u00f3n de empleos formales durante el mes de junio, al registrar mil 389 nuevas plazas laborales ante el Instituto Mexicano del Seguro Social (IMSS), la gobernadora Tere Jim\u00e9nez dijo que la administraci\u00f3n estatal trabaja incansablemente para seguir ofreciendo los empleos que merecen las y los ciudadanos.<\/span><\/p>\n<p id=\"viewer-zoyhq123\" class=\"-Zro6 -ZADH vVfzz AnCKd _57WYp\"><span class=\"d0767 vVfzz\">\u201cEl acceso a un empleo digno y bien remunerado representa la posibilidad para que las familias de Aguascalientes aspiren a una mejor calidad de vida; por ello, trabajamos cada d\u00eda en acciones y estrategias que promuevan la creaci\u00f3n de m\u00e1s y mejores puestos de trabajo para los aguascalentenses\u201d, sostuvo la gobernadora.<\/span><\/p>\n<p id=\"viewer-aflmu126\" class=\"-Zro6 -ZADH vVfzz AnCKd _57WYp\"><span class=\"d0767 vVfzz\">Esa\u00fa Garza de Vega, secretario de Desarrollo Econ\u00f3mico, Ciencia y Tecnolog\u00eda (Sedecyt), destac\u00f3 que con esta cifra se alcanzan los 358 mil 213 trabajadores asegurados en el estado de Aguascalientes, lo que significa un crecimiento anual del 1.5 por ciento.<\/span><\/p>\n<p id=\"viewer-lptou129\" class=\"-Zro6 -ZADH vVfzz AnCKd _57WYp\"><span class=\"d0767 vVfzz\">Record\u00f3 que el Gobierno del Estado, a trav\u00e9s de la Sedecyt, trabaja sin pausa en la promoci\u00f3n del empleo, por lo que invit\u00f3 a la poblaci\u00f3n a acercarse a esta dependencia para que conozcan de cerca las diversas alternativas que se tienen.<\/span><\/p>\n<p id=\"viewer-h1319132\" class=\"-Zro6 -ZADH vVfzz AnCKd _57WYp\"><span class=\"d0767 vVfzz\">\u201cEn la Sedecyt contamos con varios programas, como los \u2018Jueves de Bolsa de Trabajo\u2019 y las \u2018Brigadas de Empleo\u2019, para quienes est\u00e1n en busca de un trabajo formal; adem\u00e1s de cr\u00e9ditos y apoyos para que cada vez m\u00e1s personas inicien o hagan crecer sus negocios o emprendimientos, pues as\u00ed nos ha instruido la gobernadora, dar todas las herramientas para que los empleos sigan creciendo\u201d, finaliz\u00f3 el secretario.<\/span><\/p>\n<div id=\"viewer-sacg3134\" class=\"-Zro6 -ZADH IjV6v _57WYp\"><\/div>\n<\/div>\n<\/div>\n<\/div>\n<\/div>\n<\/div>\n<\/div>\n<\/div>\n<\/div>\n","protected":false},"excerpt":{"rendered":"<p>#informativoelvalledeaguascalientes #novaradioaguascalientes #informativoelvalledeaguascalientesll &nbsp; &nbsp; Tras conocer que Aguascalientes se ubic\u00f3 en el cuarto lugar a nivel nacional entre los estados con mayor generaci\u00f3n de empleos formales durante el mes de junio, al registrar mil 389 nuevas plazas laborales ante el Instituto Mexicano del Seguro Social (IMSS), la gobernadora Tere Jim\u00e9nez dijo que la administraci\u00f3n [&hellip;]<\/p>\n","protected":false},"author":13383,"featured_media":57948,"comment_status":"closed","ping_status":"open","sticky":false,"template":"","format":"standard","meta":{"advanced_seo_description":"","jetpack_seo_html_title":"","jetpack_seo_noindex":false,"_jetpack_memberships_contains_paid_content":false,"footnotes":"","jetpack_publicize_message":"","jetpack_publicize_feature_enabled":true,"jetpack_social_post_already_shared":true,"jetpack_social_options":{"image_generator_settings":{"template":"highway","default_image_id":0,"font":"","enabled":false},"version":2}},"categories":[21,4],"tags":[22,615,202,610],"class_list":["post-57947","post","type-post","status-publish","format-standard","has-post-thumbnail","hentry","category-aguascalientes","category-gobierno-del-estado-aguascalientes","tag-aguascalientes","tag-gobierno-del-estado-de-aguascalientes","tag-imss","tag-sedecyt"],"jetpack_publicize_connections":[],"jetpack_featured_media_url":"https:\/\/i0.wp.com\/informativoelvalledeaguascalientes.online\/wp-content\/uploads\/2024\/07\/11.jpeg?fit=1600%2C1066&ssl=1","jetpack-related-posts":[],"jetpack_sharing_enabled":true,"jetpack_likes_enabled":true,"_links":{"self":[{"href":"https:\/\/informativoelvalledeaguascalientes.online\/index.php?rest_route=\/wp\/v2\/posts\/57947","targetHints":{"allow":["GET"]}}],"collection":[{"href":"https:\/\/informativoelvalledeaguascalientes.online\/index.php?rest_route=\/wp\/v2\/posts"}],"about":[{"href":"https:\/\/informativoelvalledeaguascalientes.online\/index.php?rest_route=\/wp\/v2\/types\/post"}],"author":[{"embeddable":true,"href":"https:\/\/informativoelvalledeaguascalientes.online\/index.php?rest_route=\/wp\/v2\/users\/13383"}],"replies":[{"embeddable":true,"href":"https:\/\/informativoelvalledeaguascalientes.online\/index.php?rest_route=%2Fwp%2Fv2%2Fcomments&post=57947"}],"version-history":[{"count":1,"href":"https:\/\/informativoelvalledeaguascalientes.online\/index.php?rest_route=\/wp\/v2\/posts\/57947\/revisions"}],"predecessor-version":[{"id":57949,"href":"https:\/\/informativoelvalledeaguascalientes.online\/index.php?rest_route=\/wp\/v2\/posts\/57947\/revisions\/57949"}],"wp:featuredmedia":[{"embeddable":true,"href":"https:\/\/informativoelvalledeaguascalientes.online\/index.php?rest_route=\/wp\/v2\/media\/57948"}],"wp:attachment":[{"href":"https:\/\/informativoelvalledeaguascalientes.online\/index.php?rest_route=%2Fwp%2Fv2%2Fmedia&parent=57947"}],"wp:term":[{"taxonomy":"category","embeddable":true,"href":"https:\/\/informativoelvalledeaguascalientes.online\/index.php?rest_route=%2Fwp%2Fv2%2Fcategories&post=57947"},{"taxonomy":"post_tag","embeddable":true,"href":"https:\/\/informativoelvalledeaguascalientes.online\/index.php?rest_route=%2Fwp%2Fv2%2Ftags&post=57947"}],"curies":[{"name":"wp","href":"https:\/\/api.w.org\/{rel}","templated":true}]}}