{"id":57773,"date":"2024-07-08T20:30:02","date_gmt":"2024-07-09T02:30:02","guid":{"rendered":"https:\/\/informativoelvalledeaguascalientes.online\/?p=57773"},"modified":"2024-07-08T20:30:02","modified_gmt":"2024-07-09T02:30:02","slug":"se-realizo-presentacion-oficial-de-la-tradicional-corrida-de-toros-para-la-feria-de-los-chicahuales-2024","status":"publish","type":"post","link":"https:\/\/informativoelvalledeaguascalientes.online\/?p=57773","title":{"rendered":"SE REALIZ\u00d3 PRESENTACI\u00d3N OFICIAL DE LA TRADICIONAL CORRIDA DE TOROS PARA LA FERIA DE LOS CHICAHUALES 2024"},"content":{"rendered":"<p>#informativoelvalledeaguascalientes<\/p>\n<p>#novaradioaguascalientes<\/p>\n<p>#informativoelvalledeaguascalientesll<\/p>\n<p>&nbsp;<\/p>\n<p>&nbsp;<\/p>\n<p>En el Lienzo Charro Xonacatique, se realiz\u00f3 la presentaci\u00f3n oficial de la tradicional corrida de toros para la feria de los Chicahuales 2024, la cual se realizar\u00e1 el domingo 28 de julio con un gran cartel, de manera que Jes\u00fas Mar\u00eda se consolida como un importante escaparate de la fiesta brava.<\/p>\n<p>El presidente municipal de Jes\u00fas Mar\u00eda, Jos\u00e9 Antonio Ar\u00e1mbula L\u00f3pez indic\u00f3 que Chicahuales 2024 tendr\u00e1 un cartel de primera, de manera que H\u00e9ctor Guti\u00e9rrez, Diego San Rom\u00e1n y Miguel Aguilar, lidiar\u00e1n toros de la ganader\u00eda de Corlom\u00e9<\/p>\n<p>Ar\u00e1mbula L\u00f3pez mencion\u00f3 que la afici\u00f3n de Jes\u00fas Mar\u00eda merece corridas de primer nivel, como la que se presentar\u00e1 en la feria de los Chicahuales, por lo que agradeci\u00f3 el apoyo de todos los que lo hicieron posible e invit\u00f3 a los taurinos de todo Aguascalientes y de la regi\u00f3n a disfrutar de esta fiesta.<\/p>\n<p>En la presentaci\u00f3n estuvieron Ver\u00f3nica Gonz\u00e1lez, directora del Bur\u00f3 de Congresos y Visitantes; la presidenta del Sistema DIF Municipal; Liliana Coronado de Ar\u00e1mbula; el empresario de Asuntos Taurinos, David Mart\u00edn Romo; Mar\u00eda del Rosario Aguilar L\u00f3pez, titular de la Instancia de los Chicahuales; C\u00e9sar Medina Cervantes, presidente municipal electo; as\u00ed como los toreros hidroc\u00e1lidos H\u00e9ctor Guti\u00e9rrez y\u00a0Miguel\u00a0Aguilar.<\/p>\n","protected":false},"excerpt":{"rendered":"<p>#informativoelvalledeaguascalientes #novaradioaguascalientes #informativoelvalledeaguascalientesll &nbsp; &nbsp; En el Lienzo Charro Xonacatique, se realiz\u00f3 la presentaci\u00f3n oficial de la tradicional corrida de toros para la feria de los Chicahuales 2024, la cual se realizar\u00e1 el domingo 28 de julio con un gran cartel, de manera que Jes\u00fas Mar\u00eda se consolida como un importante escaparate de la fiesta [&hellip;]<\/p>\n","protected":false},"author":13383,"featured_media":57775,"comment_status":"closed","ping_status":"open","sticky":false,"template":"","format":"standard","meta":{"advanced_seo_description":"","jetpack_seo_html_title":"","jetpack_seo_noindex":false,"_jetpack_memberships_contains_paid_content":false,"footnotes":"","jetpack_publicize_message":"","jetpack_publicize_feature_enabled":true,"jetpack_social_post_already_shared":true,"jetpack_social_options":{"image_generator_settings":{"template":"highway","default_image_id":0,"font":"","enabled":false},"version":2}},"categories":[21,14],"tags":[22,790,45],"class_list":["post-57773","post","type-post","status-publish","format-standard","has-post-thumbnail","hentry","category-aguascalientes","category-jesus-maria-aguascalientes","tag-aguascalientes","tag-feria-de-los-chicahuales-2024","tag-jesus-maria-aguascalientes"],"jetpack_publicize_connections":[],"jetpack_featured_media_url":"https:\/\/i0.wp.com\/informativoelvalledeaguascalientes.online\/wp-content\/uploads\/2024\/07\/Imagen-de-WhatsApp-2024-07-08-a-las-17.45.03_b392c378-scaled.jpg?fit=2560%2C1706&ssl=1","jetpack-related-posts":[],"jetpack_sharing_enabled":true,"jetpack_likes_enabled":true,"_links":{"self":[{"href":"https:\/\/informativoelvalledeaguascalientes.online\/index.php?rest_route=\/wp\/v2\/posts\/57773","targetHints":{"allow":["GET"]}}],"collection":[{"href":"https:\/\/informativoelvalledeaguascalientes.online\/index.php?rest_route=\/wp\/v2\/posts"}],"about":[{"href":"https:\/\/informativoelvalledeaguascalientes.online\/index.php?rest_route=\/wp\/v2\/types\/post"}],"author":[{"embeddable":true,"href":"https:\/\/informativoelvalledeaguascalientes.online\/index.php?rest_route=\/wp\/v2\/users\/13383"}],"replies":[{"embeddable":true,"href":"https:\/\/informativoelvalledeaguascalientes.online\/index.php?rest_route=%2Fwp%2Fv2%2Fcomments&post=57773"}],"version-history":[{"count":1,"href":"https:\/\/informativoelvalledeaguascalientes.online\/index.php?rest_route=\/wp\/v2\/posts\/57773\/revisions"}],"predecessor-version":[{"id":57776,"href":"https:\/\/informativoelvalledeaguascalientes.online\/index.php?rest_route=\/wp\/v2\/posts\/57773\/revisions\/57776"}],"wp:featuredmedia":[{"embeddable":true,"href":"https:\/\/informativoelvalledeaguascalientes.online\/index.php?rest_route=\/wp\/v2\/media\/57775"}],"wp:attachment":[{"href":"https:\/\/informativoelvalledeaguascalientes.online\/index.php?rest_route=%2Fwp%2Fv2%2Fmedia&parent=57773"}],"wp:term":[{"taxonomy":"category","embeddable":true,"href":"https:\/\/informativoelvalledeaguascalientes.online\/index.php?rest_route=%2Fwp%2Fv2%2Fcategories&post=57773"},{"taxonomy":"post_tag","embeddable":true,"href":"https:\/\/informativoelvalledeaguascalientes.online\/index.php?rest_route=%2Fwp%2Fv2%2Ftags&post=57773"}],"curies":[{"name":"wp","href":"https:\/\/api.w.org\/{rel}","templated":true}]}}