{"id":57755,"date":"2024-07-08T19:08:25","date_gmt":"2024-07-09T01:08:25","guid":{"rendered":"https:\/\/informativoelvalledeaguascalientes.online\/?p=57755"},"modified":"2024-07-08T20:40:20","modified_gmt":"2024-07-09T02:40:20","slug":"%f0%9d%97%a7%f0%9d%97%b2%f0%9d%97%bf%f0%9d%97%b2-%f0%9d%97%9d%f0%9d%97%b6%f0%9d%97%ba%f0%9d%97%b2%f0%9d%97%bb%f0%9d%97%b2%f0%9d%98%87-%f0%9d%98%86-%f0%9d%97%97%f0%9d%97%ae%f0%9d%97%bb","status":"publish","type":"post","link":"https:\/\/informativoelvalledeaguascalientes.online\/?p=57755","title":{"rendered":"Tere Jim\u00e9nez y Daniel Romo Urrutia apuestan por la educaci\u00f3n en Calvillo"},"content":{"rendered":"<p>#informativoelvalledeaguascalientes<\/p>\n<p>#novaradioaguascalientes<\/p>\n<p>#informativoelvalledeaguascalientesll<\/p>\n<p>&nbsp;<\/p>\n<p>&nbsp;<\/p>\n<p>El presidente municipal, Daniel Romo Urrutia, recibi\u00f3 en #Calvillo a la gobernadora Tere Jim\u00e9nez y la acompa\u00f1\u00f3 por varios puntos del municipio en una gira de trabajo, en materia de educativa.<\/p>\n<p>En la \ud835\udc0f\ud835\udc2b\ud835\udc22\ud835\udc26\ud835\udc1a\ud835\udc2b\ud835\udc22\ud835\udc1a \ud835\udc15\ud835\udc22\ud835\udc1c\ud835\udc1e\ud835\udc27\ud835\udc2d\ud835\udc1e \ud835\udc06\ud835\udc2e\ud835\udc1e\ud835\udc2b\ud835\udc2b\ud835\udc1e\ud835\udc2b\ud835\udc28 de la cabecera municipal, se realizaron #HonoresALaBandera, con el objetivo de promover los valores c\u00edvicos a las nuevas generaciones; as\u00ed mismo, las autoridades recorrieron las instalaciones de este plantel, destacando la importancia de reforzar las medidas de prevenci\u00f3n para evitar la reproducci\u00f3n de los mosquitos transmisores del #Denge, especialmente en esta temporada de lluvias, a fin de salvaguardar la salud de los calvillenses; tambi\u00e9n se premiaron a los mejores promedios de cada grupo de esta instituci\u00f3n.<\/p>\n<p>Para ampliar y elevar la calidad educativa en el municipio, se realiz\u00f3 la \ud835\udc02\ud835\udc28\ud835\udc25\ud835\udc28\ud835\udc1c\ud835\udc1a\ud835\udc1c\ud835\udc22\u00f3\ud835\udc27 \ud835\udc1d\ud835\udc1e \ud835\udc25\ud835\udc1a \ud835\udc0f\ud835\udc2b\ud835\udc22\ud835\udc26\ud835\udc1e\ud835\udc2b\ud835\udc1a \ud835\udc0f\ud835\udc22\ud835\udc1e\ud835\udc1d\ud835\udc2b\ud835\udc1a para la construcci\u00f3n de una nueva escuela primaria en #ElMirador, con el objetivo de proporcionar suficientes instalaciones educativas para atender a la poblaci\u00f3n estudiantil creciente. En una primera etapa, se realizar\u00e1 la construcci\u00f3n de tres aulas, ba\u00f1os, bodega, direcci\u00f3n, laboratorio de c\u00f3mputo, p\u00f3rtico, cerco perimetral, andadores y rampas.<\/p>\n<p>En un tercer momento, se realiz\u00f3 una supervisi\u00f3n de obra en la escuela primaria Antorchistas, donde en una primera etapa, se realizan trabajos de construcci\u00f3n de seis aulas, ba\u00f1os, bodega, direcci\u00f3n para turno matutino y turno vespertino, laboratorio de c\u00f3mputo, cerco perimetral, andadores y rampas.<\/p>\n<p>El presidente municipal de Calvillo, agradeci\u00f3 a la gobernadora Tere Jim\u00e9nez por el trabajo y compromiso que mantiene en favor de la educaci\u00f3n y la salud de las familias calvillenses, mediante acciones y obras que permiten elevar la calidad de vida de los ciudadanos y fortalecen el desarrollo de este municipio.<\/p>\n<p>As\u00ed mismo, el alcalde agradeci\u00f3 la presencia y el trabajo de Luis Enrique Guti\u00e9rrez Reynoso, director del Instituto de Educaci\u00f3n del Estado de Aguascalientes y de J. de Jes\u00fas Lara Ram\u00edrez, director de Infraestructura F\u00edsica Educativa y se comprometi\u00f3 a seguir trabajando en coordinaci\u00f3n con el Gobierno del Estado para seguir atendiendo las necesidades m\u00e1s sentidas de la poblaci\u00f3n y continuar impulsando el progreso de esta tierra.<\/p>\n<p>#TierraQueTrasciende<\/p>\n","protected":false},"excerpt":{"rendered":"<p>#informativoelvalledeaguascalientes #novaradioaguascalientes #informativoelvalledeaguascalientesll &nbsp; &nbsp; El presidente municipal, Daniel Romo Urrutia, recibi\u00f3 en #Calvillo a la gobernadora Tere Jim\u00e9nez y la acompa\u00f1\u00f3 por varios puntos del municipio en una gira de trabajo, en materia de educativa. En la \ud835\udc0f\ud835\udc2b\ud835\udc22\ud835\udc26\ud835\udc1a\ud835\udc2b\ud835\udc22\ud835\udc1a \ud835\udc15\ud835\udc22\ud835\udc1c\ud835\udc1e\ud835\udc27\ud835\udc2d\ud835\udc1e \ud835\udc06\ud835\udc2e\ud835\udc1e\ud835\udc2b\ud835\udc2b\ud835\udc1e\ud835\udc2b\ud835\udc28 de la cabecera municipal, se realizaron #HonoresALaBandera, con el objetivo de promover los valores [&hellip;]<\/p>\n","protected":false},"author":13383,"featured_media":57756,"comment_status":"closed","ping_status":"open","sticky":false,"template":"","format":"standard","meta":{"advanced_seo_description":"","jetpack_seo_html_title":"","jetpack_seo_noindex":false,"_jetpack_memberships_contains_paid_content":false,"footnotes":"","jetpack_publicize_message":"","jetpack_publicize_feature_enabled":true,"jetpack_social_post_already_shared":true,"jetpack_social_options":{"image_generator_settings":{"template":"highway","default_image_id":0,"font":"","enabled":false},"version":2}},"categories":[21,13],"tags":[22,29,615,320],"class_list":["post-57755","post","type-post","status-publish","format-standard","has-post-thumbnail","hentry","category-aguascalientes","category-calvillo-aguascalientes","tag-aguascalientes","tag-calvillo-aguascalientes","tag-gobierno-del-estado-de-aguascalientes","tag-tere-jimenez"],"jetpack_publicize_connections":[],"jetpack_featured_media_url":"https:\/\/i0.wp.com\/informativoelvalledeaguascalientes.online\/wp-content\/uploads\/2024\/07\/Imagen-de-WhatsApp-2024-07-08-a-las-14.23.53_346dac9e.jpg?fit=1500%2C1000&ssl=1","jetpack-related-posts":[],"jetpack_sharing_enabled":true,"jetpack_likes_enabled":true,"_links":{"self":[{"href":"https:\/\/informativoelvalledeaguascalientes.online\/index.php?rest_route=\/wp\/v2\/posts\/57755","targetHints":{"allow":["GET"]}}],"collection":[{"href":"https:\/\/informativoelvalledeaguascalientes.online\/index.php?rest_route=\/wp\/v2\/posts"}],"about":[{"href":"https:\/\/informativoelvalledeaguascalientes.online\/index.php?rest_route=\/wp\/v2\/types\/post"}],"author":[{"embeddable":true,"href":"https:\/\/informativoelvalledeaguascalientes.online\/index.php?rest_route=\/wp\/v2\/users\/13383"}],"replies":[{"embeddable":true,"href":"https:\/\/informativoelvalledeaguascalientes.online\/index.php?rest_route=%2Fwp%2Fv2%2Fcomments&post=57755"}],"version-history":[{"count":3,"href":"https:\/\/informativoelvalledeaguascalientes.online\/index.php?rest_route=\/wp\/v2\/posts\/57755\/revisions"}],"predecessor-version":[{"id":57781,"href":"https:\/\/informativoelvalledeaguascalientes.online\/index.php?rest_route=\/wp\/v2\/posts\/57755\/revisions\/57781"}],"wp:featuredmedia":[{"embeddable":true,"href":"https:\/\/informativoelvalledeaguascalientes.online\/index.php?rest_route=\/wp\/v2\/media\/57756"}],"wp:attachment":[{"href":"https:\/\/informativoelvalledeaguascalientes.online\/index.php?rest_route=%2Fwp%2Fv2%2Fmedia&parent=57755"}],"wp:term":[{"taxonomy":"category","embeddable":true,"href":"https:\/\/informativoelvalledeaguascalientes.online\/index.php?rest_route=%2Fwp%2Fv2%2Fcategories&post=57755"},{"taxonomy":"post_tag","embeddable":true,"href":"https:\/\/informativoelvalledeaguascalientes.online\/index.php?rest_route=%2Fwp%2Fv2%2Ftags&post=57755"}],"curies":[{"name":"wp","href":"https:\/\/api.w.org\/{rel}","templated":true}]}}