{"id":57730,"date":"2024-07-07T11:00:36","date_gmt":"2024-07-07T17:00:36","guid":{"rendered":"https:\/\/informativoelvalledeaguascalientes.online\/?p=57730"},"modified":"2024-07-08T11:03:56","modified_gmt":"2024-07-08T17:03:56","slug":"arranca-en-jesus-maria-el-programa-de-terapia-familiar-de-reintegra-2024","status":"publish","type":"post","link":"https:\/\/informativoelvalledeaguascalientes.online\/?p=57730","title":{"rendered":"ARRANCA EN JES\u00daS MAR\u00cdA EL PROGRAMA DE TERAPIA FAMILIAR DE \u201cREINTEGRA 2024\u201d"},"content":{"rendered":"<p>#informativoelvalledeaguascalientes<\/p>\n<p>#novaradioaguascalientes<\/p>\n<p>#informativoelvalledeaguascalientesll<\/p>\n<p>&nbsp;<\/p>\n<p>&nbsp;<\/p>\n<p>\u2022 Se trata de una acci\u00f3n interinstitucional que busca mejorar la calidad de vida de las personas con problemas de adicciones y sus familias<br \/>\n\u2022 Durante 13 sesiones, 70 familias recibir\u00e1n las herramientas de apoyo necesarias.<\/p>\n<p>Se llev\u00f3 a cabo el arranque de actividades de terapia familiar del programa REINTEGRA 2024 \u201cUn Nuevo Comienzo\u201d en el que las familias de personas con problemas legales y de adicciones, reciben las herramientas para apoyarlos, con la finalidad de que puedan reintegrarse exitosamente a la sociedad y mejorar su calidad de vida.<\/p>\n<p>Al dirigirse a los presentes, el presidente municipal de Jes\u00fas Mar\u00eda, Jos\u00e9 Antonio Ar\u00e1mbula L\u00f3pez, los invit\u00f3 a luchar todos los d\u00edas contra esta problem\u00e1tica de salud, con la que no s\u00f3lo sufre quien la padece, sino que afecta a todo su entorno e indic\u00f3 que, con voluntad, amor propio y el apoyo de la familia, siempre puede haber un nuevo comienzo.<\/p>\n<p>\u201cFelicidades por estar aqu\u00ed, es se\u00f1al de que van a apoyar a su familiar para salir de este bache, ahora hay que luchar todos los d\u00edas y darles esa motivaci\u00f3n, esa fuerza para cambiar y sobre todo mantener ese cambio para que no caigan nuevamente en las garras de las drogas\u201d. Indic\u00f3.<\/p>\n<p>Ar\u00e1mbula L\u00f3pez agradeci\u00f3 el apoyo del Gobierno de Estado, e indic\u00f3 que son diversas instituciones las que intervienen en este programa que en esta ocasi\u00f3n alcanza a beneficiar a 70 familias, quienes durante 13 sesiones recibir\u00e1n las herramientas necesarias, para dar apoyo a su familiar.<\/p>\n<p>En su intervenci\u00f3n, la directora del Centro Estatal de Prevenci\u00f3n, Sandra Nieves Rold\u00e1n, indic\u00f3 que REINTEGRA es un programa integral en el que intervienen distintas secretar\u00edas, y, agradeci\u00f3 el apoyo interinstitucional para que este programa, pueda ser una realidad para las familias que necesitan apoyo profesional.<\/p>\n<p>Por su parte, el secretario de Seguridad P\u00fablica y Vialidad de Jes\u00fas Mar\u00eda, Crisp\u00edn Jes\u00fas Orozco, indic\u00f3 que, con estas capacitaciones, los familiares sabr\u00e1n c\u00f3mo manejar la situaci\u00f3n para que los j\u00f3venes encuentren un entorno favorable al salir de su recuperaci\u00f3n, lo que permitir\u00e1 que el trabajo que se est\u00e1 haciendo con ellos sea un \u00e9xito, \u201ctrabajando en equipo, toda la familia podr\u00e1 salir avante de este reto\u201d afirm\u00f3.<\/p>\n<p>Finalmente, uno de los beneficiados con este programa dio su testimonio \u201cS\u00ed se puede, no es f\u00e1cil, pero si yo pude lograrlo, todos pueden, en este tiempo me ense\u00f1aron a valorar muchas cosas, especialmente a mi familia, agradezco mucho todo el apoyo porque ahora mi vida es otra y eso me hace feliz\u201d mencion\u00f3 Pedro Cazares.<\/p>\n<p>Este evento de arranque cont\u00f3 tambi\u00e9n con la presencia de Claudia Ortega Valadez, directora General de An\u00e1lisis Pol\u00edtico y Pol\u00edticas P\u00fablicas; Irma Ch\u00e1vez Negrete, directora del Centro Comunitario de Salud Mental de Jes\u00fas Mar\u00eda; Ang\u00e9lica Duarte Jim\u00e9nez, coordinadora del programa REINTEGRA del Centro Estatal de Prevenci\u00f3n; el regidor de la Comisi\u00f3n de Seguridad P\u00fablica, Francisco Javier Esquivel; C\u00e9sar de Anda Tinajera, enlace del programa Reintegra y Alicia Fabiola Jaime, coordinadora del Programa de la Secretar\u00eda de Seguridad P\u00fablica y Vialidad\u00a0de\u00a0Jes\u00fas\u00a0Mar\u00eda.<\/p>\n","protected":false},"excerpt":{"rendered":"<p>#informativoelvalledeaguascalientes #novaradioaguascalientes #informativoelvalledeaguascalientesll &nbsp; &nbsp; \u2022 Se trata de una acci\u00f3n interinstitucional que busca mejorar la calidad de vida de las personas con problemas de adicciones y sus familias \u2022 Durante 13 sesiones, 70 familias recibir\u00e1n las herramientas de apoyo necesarias. Se llev\u00f3 a cabo el arranque de actividades de terapia familiar del programa REINTEGRA [&hellip;]<\/p>\n","protected":false},"author":13383,"featured_media":57731,"comment_status":"closed","ping_status":"open","sticky":false,"template":"","format":"standard","meta":{"advanced_seo_description":"","jetpack_seo_html_title":"","jetpack_seo_noindex":false,"_jetpack_memberships_contains_paid_content":false,"footnotes":"","jetpack_publicize_message":"","jetpack_publicize_feature_enabled":true,"jetpack_social_post_already_shared":true,"jetpack_social_options":{"image_generator_settings":{"template":"highway","default_image_id":0,"font":"","enabled":false},"version":2}},"categories":[21,14],"tags":[22,45,789],"class_list":["post-57730","post","type-post","status-publish","format-standard","has-post-thumbnail","hentry","category-aguascalientes","category-jesus-maria-aguascalientes","tag-aguascalientes","tag-jesus-maria-aguascalientes","tag-secretaria-de-seguridad-publica-y-vialidad-de-jesus-maria"],"jetpack_publicize_connections":[],"jetpack_featured_media_url":"https:\/\/i0.wp.com\/informativoelvalledeaguascalientes.online\/wp-content\/uploads\/2024\/07\/Imagen-de-WhatsApp-2024-07-08-a-las-09.20.27_b477d322.jpg?fit=1600%2C1066&ssl=1","jetpack-related-posts":[],"jetpack_sharing_enabled":true,"jetpack_likes_enabled":true,"_links":{"self":[{"href":"https:\/\/informativoelvalledeaguascalientes.online\/index.php?rest_route=\/wp\/v2\/posts\/57730","targetHints":{"allow":["GET"]}}],"collection":[{"href":"https:\/\/informativoelvalledeaguascalientes.online\/index.php?rest_route=\/wp\/v2\/posts"}],"about":[{"href":"https:\/\/informativoelvalledeaguascalientes.online\/index.php?rest_route=\/wp\/v2\/types\/post"}],"author":[{"embeddable":true,"href":"https:\/\/informativoelvalledeaguascalientes.online\/index.php?rest_route=\/wp\/v2\/users\/13383"}],"replies":[{"embeddable":true,"href":"https:\/\/informativoelvalledeaguascalientes.online\/index.php?rest_route=%2Fwp%2Fv2%2Fcomments&post=57730"}],"version-history":[{"count":1,"href":"https:\/\/informativoelvalledeaguascalientes.online\/index.php?rest_route=\/wp\/v2\/posts\/57730\/revisions"}],"predecessor-version":[{"id":57732,"href":"https:\/\/informativoelvalledeaguascalientes.online\/index.php?rest_route=\/wp\/v2\/posts\/57730\/revisions\/57732"}],"wp:featuredmedia":[{"embeddable":true,"href":"https:\/\/informativoelvalledeaguascalientes.online\/index.php?rest_route=\/wp\/v2\/media\/57731"}],"wp:attachment":[{"href":"https:\/\/informativoelvalledeaguascalientes.online\/index.php?rest_route=%2Fwp%2Fv2%2Fmedia&parent=57730"}],"wp:term":[{"taxonomy":"category","embeddable":true,"href":"https:\/\/informativoelvalledeaguascalientes.online\/index.php?rest_route=%2Fwp%2Fv2%2Fcategories&post=57730"},{"taxonomy":"post_tag","embeddable":true,"href":"https:\/\/informativoelvalledeaguascalientes.online\/index.php?rest_route=%2Fwp%2Fv2%2Ftags&post=57730"}],"curies":[{"name":"wp","href":"https:\/\/api.w.org\/{rel}","templated":true}]}}