{"id":57460,"date":"2024-05-28T23:25:25","date_gmt":"2024-05-29T05:25:25","guid":{"rendered":"https:\/\/informativoelvalledeaguascalientes.online\/?p=57460"},"modified":"2024-06-30T23:30:47","modified_gmt":"2024-07-01T05:30:47","slug":"congreso-de-aguascalientes-fue-sede-del-foro-iniciativa-joven-en-el-que-participaron-estudiantes-universitarios","status":"publish","type":"post","link":"https:\/\/informativoelvalledeaguascalientes.online\/?p=57460","title":{"rendered":"CONGRESO DE AGUASCALIENTES FUE SEDE DEL FORO INICIATIVA JOVEN EN EL QUE PARTICIPARON ESTUDIANTES UNIVERSITARIOS"},"content":{"rendered":"<p>#informativoelvalledeaguascalientes<\/p>\n<p>#novaradioaguascalientes<\/p>\n<p>#informativoelvalledeaguascalientesll<\/p>\n<p>&nbsp;<\/p>\n<p>&nbsp;<\/p>\n<p>En el marco del Mes del Estudiante y con la participaci\u00f3n de m\u00e1s de 80 j\u00f3venes universitarios, la diputada Noem\u00ed Herrada Campos organiz\u00f3 el Foro Iniciativa Joven, espacio en el que alumnos de diversas universidades p\u00fablicas tuvieron la posibilidad de emitir sus planteamientos para mejorar leyes y programas en materias de Seguridad P\u00fablica, Educaci\u00f3n, Medio Ambiente y Movilidad en Aguascalientes.<\/p>\n<p>Al contar con la presencia del Secretario de Seguridad P\u00fablica del Municipio de Aguascalientes, Antonio Mart\u00ednez Romo, adem\u00e1s de Francisco Rangel, director de Educaci\u00f3n Superior en el Estado, y de especialistas en los temas a los que se hace referencia, el desarrollo del foro se realiz\u00f3 en mesas de trabajo para abordar las problem\u00e1ticas, necesidades y posibles soluciones en estos asuntos de car\u00e1cter p\u00fablico.<\/p>\n<p>En este sentido, la legisladora Noem\u00ed Herrada Campos, vocal de la Comisi\u00f3n de la Juventud del Congreso de Aguascalientes, refrend\u00f3 su compromiso de que este ejercicio de expresi\u00f3n \u201cno quedar\u00e1 \u00fanicamente en el papel, pues existe la firme intenci\u00f3n de que las propuestas que expusieron hoy en las mesas de an\u00e1lisis, se tomar\u00e1n en cuenta para construir una o varias iniciativas que se presentar\u00e1n ante el Pleno legislativo\u201d.<\/p>\n","protected":false},"excerpt":{"rendered":"<p>#informativoelvalledeaguascalientes #novaradioaguascalientes #informativoelvalledeaguascalientesll &nbsp; &nbsp; En el marco del Mes del Estudiante y con la participaci\u00f3n de m\u00e1s de 80 j\u00f3venes universitarios, la diputada Noem\u00ed Herrada Campos organiz\u00f3 el Foro Iniciativa Joven, espacio en el que alumnos de diversas universidades p\u00fablicas tuvieron la posibilidad de emitir sus planteamientos para mejorar leyes y programas en materias [&hellip;]<\/p>\n","protected":false},"author":1,"featured_media":57462,"comment_status":"closed","ping_status":"open","sticky":false,"template":"","format":"standard","meta":{"advanced_seo_description":"","jetpack_seo_html_title":"","jetpack_seo_noindex":false,"_jetpack_memberships_contains_paid_content":false,"footnotes":"","jetpack_publicize_message":"","jetpack_publicize_feature_enabled":true,"jetpack_social_post_already_shared":true,"jetpack_social_options":{"image_generator_settings":{"template":"highway","default_image_id":0,"font":"","enabled":false},"version":2}},"categories":[21,5],"tags":[22,520],"class_list":["post-57460","post","type-post","status-publish","format-standard","has-post-thumbnail","hentry","category-aguascalientes","category-h-congreso-del-estado-aguascalientes","tag-aguascalientes","tag-lxv-legislatura-aguascalientes"],"jetpack_publicize_connections":[],"jetpack_featured_media_url":"https:\/\/i0.wp.com\/informativoelvalledeaguascalientes.online\/wp-content\/uploads\/2024\/06\/foro-jovenes-28-mayo.jpg?fit=720%2C428&ssl=1","jetpack-related-posts":[],"jetpack_sharing_enabled":true,"jetpack_likes_enabled":true,"_links":{"self":[{"href":"https:\/\/informativoelvalledeaguascalientes.online\/index.php?rest_route=\/wp\/v2\/posts\/57460","targetHints":{"allow":["GET"]}}],"collection":[{"href":"https:\/\/informativoelvalledeaguascalientes.online\/index.php?rest_route=\/wp\/v2\/posts"}],"about":[{"href":"https:\/\/informativoelvalledeaguascalientes.online\/index.php?rest_route=\/wp\/v2\/types\/post"}],"author":[{"embeddable":true,"href":"https:\/\/informativoelvalledeaguascalientes.online\/index.php?rest_route=\/wp\/v2\/users\/1"}],"replies":[{"embeddable":true,"href":"https:\/\/informativoelvalledeaguascalientes.online\/index.php?rest_route=%2Fwp%2Fv2%2Fcomments&post=57460"}],"version-history":[{"count":1,"href":"https:\/\/informativoelvalledeaguascalientes.online\/index.php?rest_route=\/wp\/v2\/posts\/57460\/revisions"}],"predecessor-version":[{"id":57463,"href":"https:\/\/informativoelvalledeaguascalientes.online\/index.php?rest_route=\/wp\/v2\/posts\/57460\/revisions\/57463"}],"wp:featuredmedia":[{"embeddable":true,"href":"https:\/\/informativoelvalledeaguascalientes.online\/index.php?rest_route=\/wp\/v2\/media\/57462"}],"wp:attachment":[{"href":"https:\/\/informativoelvalledeaguascalientes.online\/index.php?rest_route=%2Fwp%2Fv2%2Fmedia&parent=57460"}],"wp:term":[{"taxonomy":"category","embeddable":true,"href":"https:\/\/informativoelvalledeaguascalientes.online\/index.php?rest_route=%2Fwp%2Fv2%2Fcategories&post=57460"},{"taxonomy":"post_tag","embeddable":true,"href":"https:\/\/informativoelvalledeaguascalientes.online\/index.php?rest_route=%2Fwp%2Fv2%2Ftags&post=57460"}],"curies":[{"name":"wp","href":"https:\/\/api.w.org\/{rel}","templated":true}]}}