{"id":57360,"date":"2024-06-27T11:56:37","date_gmt":"2024-06-27T17:56:37","guid":{"rendered":"https:\/\/informativoelvalledeaguascalientes.online\/?p=57360"},"modified":"2024-06-27T11:56:37","modified_gmt":"2024-06-27T17:56:37","slug":"a-partir-del-domingo-ruta-30-cambia-su-recorrido","status":"publish","type":"post","link":"https:\/\/informativoelvalledeaguascalientes.online\/?p=57360","title":{"rendered":"A PARTIR DEL DOMINGO RUTA 30 CAMBIA SU RECORRIDO"},"content":{"rendered":"<p>#informativoelvalledeaguascalientes<\/p>\n<p>#novaradioaguascalientes<\/p>\n<p>#informativoelvalledeaguascalientesll<\/p>\n<p>#ElGiganteDeMexico<\/p>\n<div class=\"siSdJK4 comp-l7sh9ubx\" data-hook=\"ricosviewer-wrapper\">\n<div class=\"U4I07\" dir=\"ltr\" data-id=\"content-viewer\">\n<div class=\"hl-xW\">\n<div>\n<p id=\"viewer-foo\" class=\"-Zro6 -ZADH vVfzz AnCKd _57WYp\"><span class=\"d0767 vVfzz\">El Gobierno del Estado informa que a partir de este domingo 30 de junio la Ruta 30 cambiar\u00e1 su recorrido de manera permanente en el sentido de circulaci\u00f3n de sur a norte, pues ya no recorrer\u00e1 las calles del fraccionamiento Colinas del R\u00edo.<\/span><\/p>\n<div id=\"viewer-oj50g165\" class=\"-Zro6 -ZADH vVfzz _57WYp\"><span class=\"d0767 vVfzz\">\u00a0<\/span><\/div>\n<p id=\"viewer-oq68r166\" class=\"-Zro6 -ZADH vVfzz AnCKd _57WYp\"><span class=\"d0767 vVfzz\">La Coordinaci\u00f3n General de Movilidad (CMOV) informa que esta modificaci\u00f3n se realiza para mejorar el servicio que se brinda a los pasajeros de esta ruta, pues el trayecto ser\u00e1 m\u00e1s directo y seguro para los usuarios, reduciendo el tiempo del recorrido.<\/span><\/p>\n<div id=\"viewer-q9i3k168\" class=\"-Zro6 -ZADH vVfzz _57WYp\"><span class=\"d0767 vVfzz\">\u00a0<\/span><\/div>\n<p id=\"viewer-qh29u169\" class=\"-Zro6 -ZADH vVfzz AnCKd _57WYp\"><span class=\"d0767 vVfzz\">El resto de la ruta permanece sin cambios en el sentido de circulaci\u00f3n de sur a norte; mientras que los camiones urbanos de la Ruta 30 que circulan de norte a sur tampoco tendr\u00e1n modificaciones y continuar\u00e1n ingresando al fraccionamiento Colinas del R\u00edo.<\/span><\/p>\n<\/div>\n<\/div>\n<\/div>\n<\/div>\n","protected":false},"excerpt":{"rendered":"<p>#informativoelvalledeaguascalientes #novaradioaguascalientes #informativoelvalledeaguascalientesll #ElGiganteDeMexico El Gobierno del Estado informa que a partir de este domingo 30 de junio la Ruta 30 cambiar\u00e1 su recorrido de manera permanente en el sentido de circulaci\u00f3n de sur a norte, pues ya no recorrer\u00e1 las calles del fraccionamiento Colinas del R\u00edo. \u00a0 La Coordinaci\u00f3n General de Movilidad (CMOV) informa [&hellip;]<\/p>\n","protected":false},"author":1,"featured_media":57361,"comment_status":"closed","ping_status":"open","sticky":false,"template":"","format":"standard","meta":{"advanced_seo_description":"","jetpack_seo_html_title":"","jetpack_seo_noindex":false,"_jetpack_memberships_contains_paid_content":false,"footnotes":"","jetpack_publicize_message":"","jetpack_publicize_feature_enabled":true,"jetpack_social_post_already_shared":true,"jetpack_social_options":{"image_generator_settings":{"template":"highway","default_image_id":0,"font":"","enabled":false},"version":2}},"categories":[21,4],"tags":[22,53,615],"class_list":["post-57360","post","type-post","status-publish","format-standard","has-post-thumbnail","hentry","category-aguascalientes","category-gobierno-del-estado-aguascalientes","tag-aguascalientes","tag-cmov","tag-gobierno-del-estado-de-aguascalientes"],"jetpack_publicize_connections":[],"jetpack_featured_media_url":"https:\/\/i0.wp.com\/informativoelvalledeaguascalientes.online\/wp-content\/uploads\/2024\/06\/72.jpeg?fit=1600%2C837&ssl=1","jetpack-related-posts":[],"jetpack_sharing_enabled":true,"jetpack_likes_enabled":true,"_links":{"self":[{"href":"https:\/\/informativoelvalledeaguascalientes.online\/index.php?rest_route=\/wp\/v2\/posts\/57360","targetHints":{"allow":["GET"]}}],"collection":[{"href":"https:\/\/informativoelvalledeaguascalientes.online\/index.php?rest_route=\/wp\/v2\/posts"}],"about":[{"href":"https:\/\/informativoelvalledeaguascalientes.online\/index.php?rest_route=\/wp\/v2\/types\/post"}],"author":[{"embeddable":true,"href":"https:\/\/informativoelvalledeaguascalientes.online\/index.php?rest_route=\/wp\/v2\/users\/1"}],"replies":[{"embeddable":true,"href":"https:\/\/informativoelvalledeaguascalientes.online\/index.php?rest_route=%2Fwp%2Fv2%2Fcomments&post=57360"}],"version-history":[{"count":1,"href":"https:\/\/informativoelvalledeaguascalientes.online\/index.php?rest_route=\/wp\/v2\/posts\/57360\/revisions"}],"predecessor-version":[{"id":57362,"href":"https:\/\/informativoelvalledeaguascalientes.online\/index.php?rest_route=\/wp\/v2\/posts\/57360\/revisions\/57362"}],"wp:featuredmedia":[{"embeddable":true,"href":"https:\/\/informativoelvalledeaguascalientes.online\/index.php?rest_route=\/wp\/v2\/media\/57361"}],"wp:attachment":[{"href":"https:\/\/informativoelvalledeaguascalientes.online\/index.php?rest_route=%2Fwp%2Fv2%2Fmedia&parent=57360"}],"wp:term":[{"taxonomy":"category","embeddable":true,"href":"https:\/\/informativoelvalledeaguascalientes.online\/index.php?rest_route=%2Fwp%2Fv2%2Fcategories&post=57360"},{"taxonomy":"post_tag","embeddable":true,"href":"https:\/\/informativoelvalledeaguascalientes.online\/index.php?rest_route=%2Fwp%2Fv2%2Ftags&post=57360"}],"curies":[{"name":"wp","href":"https:\/\/api.w.org\/{rel}","templated":true}]}}