{"id":57300,"date":"2024-06-25T15:21:19","date_gmt":"2024-06-25T21:21:19","guid":{"rendered":"https:\/\/informativoelvalledeaguascalientes.online\/?p=57300"},"modified":"2024-06-25T15:21:19","modified_gmt":"2024-06-25T21:21:19","slug":"con-becas-tere-jimenez-y-fundacion-bbva-reconocen-a-primeros-lugares-de-la-olimpiada-del-conocimiento-infantil","status":"publish","type":"post","link":"https:\/\/informativoelvalledeaguascalientes.online\/?p=57300","title":{"rendered":"CON BECAS, TERE JIM\u00c9NEZ Y FUNDACI\u00d3N BBVA RECONOCEN A PRIMEROS LUGARES DE LA OLIMPIADA DEL CONOCIMIENTO INFANTIL"},"content":{"rendered":"<p>#informativoelvalledeaguascalientes<\/p>\n<p>#novaradioaguascalientes<\/p>\n<p>#informativoelvalledeaguascalientesll<\/p>\n<p>#ElGiganteDeMexico<\/p>\n<div class=\"siSdJK4 comp-l7sh9ubx\" data-hook=\"ricosviewer-wrapper\">\n<div class=\"U4I07\" dir=\"ltr\" data-id=\"content-viewer\">\n<div class=\"hl-xW\">\n<div>\n<p id=\"viewer-foo\" class=\"-Zro6 -ZADH vVfzz AnCKd _57WYp\"><span class=\"d0767 vVfzz\"><strong><em>\u2022 Participaron m\u00e1s de 26 mil 800 estudiantes de sexto de primaria de escuelas p\u00fablicas y privadas del estado\u00a0<\/em><\/strong><\/span><\/p>\n<p id=\"viewer-z7e0v189\" class=\"-Zro6 -ZADH vVfzz AnCKd _57WYp\"><span class=\"d0767 vVfzz\"><strong><em>\u2022 Los ganadores recibir\u00e1n una beca de 2 mil pesos mensuales durante toda la secundaria\u00a0<\/em><\/strong><\/span><\/p>\n<p id=\"viewer-ytwfn191\" class=\"-Zro6 -ZADH vVfzz _57WYp\"><span class=\"d0767 vVfzz\">\u00a0<\/span><\/p>\n<p id=\"viewer-npo4t193\" class=\"-Zro6 -ZADH vVfzz AnCKd _57WYp\"><span class=\"d0767 vVfzz\">La gobernadora Tere Jim\u00e9nez y la Fundaci\u00f3n BBVA reconocieron el esfuerzo de los ocho estudiantes que obtuvieron los mejores promedios en la Olimpiada del Conocimiento Infantil 2024, en la que participaron m\u00e1s de 26 mil 800 alumnas y alumnos de sexto grado de primaria de escuelas p\u00fablicas y privadas del estado.<\/span><\/p>\n<div id=\"viewer-1trip251\" class=\"-Zro6 -ZADH vVfzz _57WYp\"><span class=\"d0767 vVfzz\">\u00a0<\/span><\/div>\n<p id=\"viewer-f438r195\" class=\"-Zro6 -ZADH vVfzz AnCKd _57WYp\"><span class=\"d0767 vVfzz\">Los ganadores recibir\u00e1n becas mensuales de 2 mil pesos durante los tres a\u00f1os que cursen la secundaria, y podr\u00e1n ampliarse hasta la universidad si contin\u00faan con su buen aprovechamiento.<\/span><\/p>\n<div id=\"viewer-s5kid271\" class=\"-Zro6 -ZADH vVfzz _57WYp\"><span class=\"d0767 vVfzz\">\u00a0<\/span><\/div>\n<p id=\"viewer-51vu8197\" class=\"-Zro6 -ZADH vVfzz AnCKd _57WYp\"><span class=\"d0767 vVfzz\">\u201cFelicidades a las ni\u00f1as y ni\u00f1os que obtuvieron esta beca, tienen que echarle muchas ganas, los queremos felicitar y sigan adelante, porque los sue\u00f1os se cumplen en esta vida; ustedes fueron premiados por la calidad educativa que tienen y nosotros le vamos a apostar mucho a la calidad educativa, a que sigan estudiando, porque est\u00e1n llegando inversiones importantes, y para que tengamos un buen empleo, tenemos que esforzarnos; debemos reconocerles su esfuerzo y talento, y aprendan a competir en la vida; si no sabemos, tenemos que aprender y seguir adelante. Queremos ni\u00f1as y ni\u00f1os competitivos que hablen de t\u00fa por t\u00fa con las primeras potencias mundiales\u201d, les dijo Tere Jim\u00e9nez.\u00a0<\/span><\/p>\n<div id=\"viewer-amt6y199\" class=\"-Zro6 -ZADH vVfzz _57WYp\"><span class=\"d0767 vVfzz\">\u00a0<\/span><\/div>\n<p id=\"viewer-7e95d200\" class=\"-Zro6 -ZADH vVfzz AnCKd _57WYp\"><span class=\"d0767 vVfzz\">La gobernadora destac\u00f3 que Aguascalientes le apuesta a la educaci\u00f3n como la herramienta m\u00e1s importante para abrir las puertas del mundo y como la herencia m\u00e1s importante que pueden dejar\u00a0 los padres.<\/span><\/p>\n<div id=\"viewer-ul7l9202\" class=\"-Zro6 -ZADH vVfzz _57WYp\"><span class=\"d0767 vVfzz\">\u00a0<\/span><\/div>\n<p id=\"viewer-7cc4s203\" class=\"-Zro6 -ZADH vVfzz AnCKd _57WYp\"><span class=\"d0767 vVfzz\">V\u00edctor Manuel Revilla Mart\u00ednez, director de la Oficina de BBVA Bancomer en Aguascalientes, reconoci\u00f3 en Tere Jim\u00e9nez a una gran aliada, con quien ha sumado esfuerzos en favor de la educaci\u00f3n.\u00a0<\/span><\/p>\n<div id=\"viewer-n5r6g206\" class=\"-Zro6 -ZADH vVfzz _57WYp\"><span class=\"d0767 vVfzz\">\u00a0<\/span><\/div>\n<p id=\"viewer-5fa95207\" class=\"-Zro6 -ZADH vVfzz AnCKd _57WYp\"><span class=\"d0767 vVfzz\">\u201cEs un privilegio participar en este evento que reconoce el esfuerzo y dedicaci\u00f3n que han tenido las y los alumnos; en BBVA, estamos convencidos de que juntos podemos hacer m\u00e1s por la educaci\u00f3n, por lo que agradezco a la gobernadora por siempre estar apoyando a las y los buenos estudiantes\u201d, destac\u00f3 Revilla Mart\u00ednez.<\/span><\/p>\n<p id=\"viewer-0phm7209\" class=\"-Zro6 -ZADH vVfzz _57WYp\"><span class=\"d0767 vVfzz\">\u00a0<\/span><\/p>\n<p id=\"viewer-l6slc211\" class=\"-Zro6 -ZADH vVfzz AnCKd _57WYp\"><span class=\"d0767 vVfzz\">Luis Enrique Guti\u00e9rrez Reynoso, director general del Instituto de Educaci\u00f3n de Aguascalientes,\u00a0 agradeci\u00f3 a la gobernadora por impulsar la educaci\u00f3n como prioridad en su administraci\u00f3n y felicit\u00f3 a las y los ganadores por su talento y dedicaci\u00f3n.<\/span><\/p>\n<p id=\"viewer-so5li213\" class=\"-Zro6 -ZADH vVfzz _57WYp\"><span class=\"d0767 vVfzz\">\u00a0<\/span><\/p>\n<p id=\"viewer-0nr96215\" class=\"-Zro6 -ZADH vVfzz AnCKd _57WYp\"><span class=\"d0767 vVfzz\">\u201dGobernadora, muchas gracias por poner en el centro de su pol\u00edtica la educaci\u00f3n, este es un resultado de lo que usted nos ha encomendado: fomentar la calidad de la educaci\u00f3n en Aguascalientes, y esto es lo que las maestras y maestros est\u00e1n propiciando\u201d, destac\u00f3 Guti\u00e9rrez Reynoso.<\/span><\/p>\n<div id=\"viewer-fzl4n217\" class=\"-Zro6 -ZADH vVfzz _57WYp\"><span class=\"d0767 vVfzz\">\u00a0<\/span><\/div>\n<p id=\"viewer-pmrdo218\" class=\"-Zro6 -ZADH vVfzz AnCKd _57WYp\"><span class=\"d0767 vVfzz\">Camila Guti\u00e9rrez L\u00f3pez habl\u00f3 en nombre de los estudiantes ganadores. \u201cEstar aqu\u00ed es una experiencia muy importante e inolvidable, hubo d\u00edas f\u00e1ciles y otros no tanto, me siento satisfecha de mis logros; agradezco en nombre de todos a la gobernadora Tere Jim\u00e9nez por su apoyo y el reconocimiento a nuestro esfuerzo, todos nosotros somos un orgullo para nuestros padres, maestros y escuelas, por ello, podemos cumplir todo lo que nos propongamos\u201d, mencion\u00f3 la alumna.\u00a0<\/span><\/p>\n<div id=\"viewer-ahxun220\" class=\"-Zro6 -ZADH vVfzz _57WYp\"><span class=\"d0767 vVfzz\">\u00a0<\/span><\/div>\n<p id=\"viewer-musuc221\" class=\"-Zro6 -ZADH vVfzz AnCKd _57WYp\"><span class=\"d0767 vVfzz\">Los otros estudiantes ganadores son: Ana Celeste Vargas Velez, Regina Maldonado Carrillo, Aar\u00f3n Lacayo Esparza, Sa\u00fal Itzae Hern\u00e1ndez P\u00e9rez, Ximena Vendrell de Loera, Renata Elizabeth Mart\u00ednez Medrano y Jos\u00e9 Reyes D\u00edaz de Le\u00f3n.<\/span><\/p>\n<p id=\"viewer-4vtvf223\" class=\"-Zro6 -ZADH vVfzz _57WYp\"><span class=\"d0767 vVfzz\">\u00a0<\/span><\/p>\n<p id=\"viewer-m07om225\" class=\"-Zro6 -ZADH vVfzz AnCKd _57WYp\"><span class=\"d0767 vVfzz\">En el evento tambi\u00e9n estuvieron presentes Gladys Adriana Ram\u00edrez Aguilar, presidenta de la Mesa Directiva del H. Congreso del Estado; Ra\u00fal Silva Perezchica, presidente de la Comisi\u00f3n de Educaci\u00f3n y Cultura del H. Congreso del Estado; Adri\u00e1n Gerardo Rodr\u00edguez S\u00e1nchez, titular de la Oficina de Enlace y representante de la Secretar\u00eda de Educaci\u00f3n P\u00fablica en Aguascalientes; Reyna Isabel Morales Aguilar, directora comercial de BBVA, y \u00c1lvaro de \u00c1vila Aguilar, coordinador territorial del Consejo Nacional de Fomento Educativo (Conafe).<\/span><\/p>\n<\/div>\n<\/div>\n<\/div>\n<\/div>\n","protected":false},"excerpt":{"rendered":"<p>#informativoelvalledeaguascalientes #novaradioaguascalientes #informativoelvalledeaguascalientesll #ElGiganteDeMexico \u2022 Participaron m\u00e1s de 26 mil 800 estudiantes de sexto de primaria de escuelas p\u00fablicas y privadas del estado\u00a0 \u2022 Los ganadores recibir\u00e1n una beca de 2 mil pesos mensuales durante toda la secundaria\u00a0 \u00a0 La gobernadora Tere Jim\u00e9nez y la Fundaci\u00f3n BBVA reconocieron el esfuerzo de los ocho estudiantes que [&hellip;]<\/p>\n","protected":false},"author":1,"featured_media":57301,"comment_status":"closed","ping_status":"open","sticky":false,"template":"","format":"standard","meta":{"advanced_seo_description":"","jetpack_seo_html_title":"","jetpack_seo_noindex":false,"_jetpack_memberships_contains_paid_content":false,"footnotes":"","jetpack_publicize_message":"","jetpack_publicize_feature_enabled":true,"jetpack_social_post_already_shared":true,"jetpack_social_options":{"image_generator_settings":{"template":"highway","default_image_id":0,"font":"","enabled":false},"version":2}},"categories":[21,4],"tags":[22,615,320],"class_list":["post-57300","post","type-post","status-publish","format-standard","has-post-thumbnail","hentry","category-aguascalientes","category-gobierno-del-estado-aguascalientes","tag-aguascalientes","tag-gobierno-del-estado-de-aguascalientes","tag-tere-jimenez"],"jetpack_publicize_connections":[],"jetpack_featured_media_url":"https:\/\/i0.wp.com\/informativoelvalledeaguascalientes.online\/wp-content\/uploads\/2024\/06\/5.jpg?fit=2199%2C1466&ssl=1","jetpack-related-posts":[],"jetpack_sharing_enabled":true,"jetpack_likes_enabled":true,"_links":{"self":[{"href":"https:\/\/informativoelvalledeaguascalientes.online\/index.php?rest_route=\/wp\/v2\/posts\/57300","targetHints":{"allow":["GET"]}}],"collection":[{"href":"https:\/\/informativoelvalledeaguascalientes.online\/index.php?rest_route=\/wp\/v2\/posts"}],"about":[{"href":"https:\/\/informativoelvalledeaguascalientes.online\/index.php?rest_route=\/wp\/v2\/types\/post"}],"author":[{"embeddable":true,"href":"https:\/\/informativoelvalledeaguascalientes.online\/index.php?rest_route=\/wp\/v2\/users\/1"}],"replies":[{"embeddable":true,"href":"https:\/\/informativoelvalledeaguascalientes.online\/index.php?rest_route=%2Fwp%2Fv2%2Fcomments&post=57300"}],"version-history":[{"count":1,"href":"https:\/\/informativoelvalledeaguascalientes.online\/index.php?rest_route=\/wp\/v2\/posts\/57300\/revisions"}],"predecessor-version":[{"id":57302,"href":"https:\/\/informativoelvalledeaguascalientes.online\/index.php?rest_route=\/wp\/v2\/posts\/57300\/revisions\/57302"}],"wp:featuredmedia":[{"embeddable":true,"href":"https:\/\/informativoelvalledeaguascalientes.online\/index.php?rest_route=\/wp\/v2\/media\/57301"}],"wp:attachment":[{"href":"https:\/\/informativoelvalledeaguascalientes.online\/index.php?rest_route=%2Fwp%2Fv2%2Fmedia&parent=57300"}],"wp:term":[{"taxonomy":"category","embeddable":true,"href":"https:\/\/informativoelvalledeaguascalientes.online\/index.php?rest_route=%2Fwp%2Fv2%2Fcategories&post=57300"},{"taxonomy":"post_tag","embeddable":true,"href":"https:\/\/informativoelvalledeaguascalientes.online\/index.php?rest_route=%2Fwp%2Fv2%2Ftags&post=57300"}],"curies":[{"name":"wp","href":"https:\/\/api.w.org\/{rel}","templated":true}]}}