{"id":57259,"date":"2024-05-08T22:44:15","date_gmt":"2024-05-09T04:44:15","guid":{"rendered":"https:\/\/informativoelvalledeaguascalientes.online\/?p=57259"},"modified":"2024-06-24T22:49:26","modified_gmt":"2024-06-25T04:49:26","slug":"comision-legislativa-aprobo-reforma-para-propiciar-mejor-coordinacion-en-operativos-policiales","status":"publish","type":"post","link":"https:\/\/informativoelvalledeaguascalientes.online\/?p=57259","title":{"rendered":"COMISI\u00d3N LEGISLATIVA APROB\u00d3 REFORMA PARA PROPICIAR MEJOR COORDINACI\u00d3N EN OPERATIVOS POLICIALES"},"content":{"rendered":"<p>#informativoelvalledeaguascalientes<\/p>\n<p>#novaradioaguascalientes<\/p>\n<p>#informativoelvalledeaguascalientesll<\/p>\n<p><strong>\u00a0<\/strong><\/p>\n<p><strong>\u00a0<\/strong><\/p>\n<p>La Comisi\u00f3n de Seguridad P\u00fablica y Protecci\u00f3n Civil de la LXV Legislatura del Congreso de Aguascalientes que preside la diputada Gladys Ram\u00edrez Aguilar, aprob\u00f3 por unanimidad el dictamen que plantea la reforma a la Ley del Sistema Estatal de Seguridad P\u00fablica, con el prop\u00f3sito de garantizar una mayor y mejor coordinaci\u00f3n entre las distintas corporaciones policiales y garantizar la prevenci\u00f3n del delito.<\/p>\n<p>&nbsp;<\/p>\n<p>Para ello, la propuesta de modificaci\u00f3n a la que se hace referencia, contempla la sustituci\u00f3n del t\u00e9rmino de Mando \u00danico por el de Mando Coordinado, siendo el m\u00e1ximo responsable la persona titular de la Secretar\u00eda de Seguridad P\u00fablica del Estado, de los operativos exclusivos para el combate al delito y su prevenci\u00f3n.<\/p>\n<p>&nbsp;<\/p>\n<p>Al respecto, la legisladora Gladys Ram\u00edrez indic\u00f3 que este dictamen se turn\u00f3 a la Junta de Coordinaci\u00f3n Pol\u00edtica para que se realice el proceso legislativo correspondiente y est\u00e9 en posibilidades de someterse a votaci\u00f3n ante el Pleno del Congreso de Aguascalientes.<\/p>\n<p>&nbsp;<\/p>\n<p>Adem\u00e1s de la ya mencionada, se cont\u00f3 con la presencia de la diputada Mayra Torres Mercado, Yolytz\u00edn Rodr\u00edguez Sendejas y el diputado Heber Ruvalcaba Hern\u00e1ndez, integrantes de la Comisi\u00f3n de Seguridad P\u00fablica y Protecci\u00f3n Civil del Poder Legislativo.<\/p>\n","protected":false},"excerpt":{"rendered":"<p>#informativoelvalledeaguascalientes #novaradioaguascalientes #informativoelvalledeaguascalientesll \u00a0 \u00a0 La Comisi\u00f3n de Seguridad P\u00fablica y Protecci\u00f3n Civil de la LXV Legislatura del Congreso de Aguascalientes que preside la diputada Gladys Ram\u00edrez Aguilar, aprob\u00f3 por unanimidad el dictamen que plantea la reforma a la Ley del Sistema Estatal de Seguridad P\u00fablica, con el prop\u00f3sito de garantizar una mayor y mejor [&hellip;]<\/p>\n","protected":false},"author":1,"featured_media":57261,"comment_status":"closed","ping_status":"open","sticky":false,"template":"","format":"standard","meta":{"advanced_seo_description":"","jetpack_seo_html_title":"","jetpack_seo_noindex":false,"_jetpack_memberships_contains_paid_content":false,"footnotes":"","jetpack_publicize_message":"","jetpack_publicize_feature_enabled":true,"jetpack_social_post_already_shared":true,"jetpack_social_options":{"image_generator_settings":{"template":"highway","default_image_id":0,"font":"","enabled":false},"version":2}},"categories":[21,5],"tags":[22,520],"class_list":["post-57259","post","type-post","status-publish","format-standard","has-post-thumbnail","hentry","category-aguascalientes","category-h-congreso-del-estado-aguascalientes","tag-aguascalientes","tag-lxv-legislatura-aguascalientes"],"jetpack_publicize_connections":[],"jetpack_featured_media_url":"https:\/\/i0.wp.com\/informativoelvalledeaguascalientes.online\/wp-content\/uploads\/2024\/06\/seg-pca-pc-8-mayo.jpg?fit=943%2C599&ssl=1","jetpack-related-posts":[],"jetpack_sharing_enabled":true,"jetpack_likes_enabled":true,"_links":{"self":[{"href":"https:\/\/informativoelvalledeaguascalientes.online\/index.php?rest_route=\/wp\/v2\/posts\/57259","targetHints":{"allow":["GET"]}}],"collection":[{"href":"https:\/\/informativoelvalledeaguascalientes.online\/index.php?rest_route=\/wp\/v2\/posts"}],"about":[{"href":"https:\/\/informativoelvalledeaguascalientes.online\/index.php?rest_route=\/wp\/v2\/types\/post"}],"author":[{"embeddable":true,"href":"https:\/\/informativoelvalledeaguascalientes.online\/index.php?rest_route=\/wp\/v2\/users\/1"}],"replies":[{"embeddable":true,"href":"https:\/\/informativoelvalledeaguascalientes.online\/index.php?rest_route=%2Fwp%2Fv2%2Fcomments&post=57259"}],"version-history":[{"count":1,"href":"https:\/\/informativoelvalledeaguascalientes.online\/index.php?rest_route=\/wp\/v2\/posts\/57259\/revisions"}],"predecessor-version":[{"id":57262,"href":"https:\/\/informativoelvalledeaguascalientes.online\/index.php?rest_route=\/wp\/v2\/posts\/57259\/revisions\/57262"}],"wp:featuredmedia":[{"embeddable":true,"href":"https:\/\/informativoelvalledeaguascalientes.online\/index.php?rest_route=\/wp\/v2\/media\/57261"}],"wp:attachment":[{"href":"https:\/\/informativoelvalledeaguascalientes.online\/index.php?rest_route=%2Fwp%2Fv2%2Fmedia&parent=57259"}],"wp:term":[{"taxonomy":"category","embeddable":true,"href":"https:\/\/informativoelvalledeaguascalientes.online\/index.php?rest_route=%2Fwp%2Fv2%2Fcategories&post=57259"},{"taxonomy":"post_tag","embeddable":true,"href":"https:\/\/informativoelvalledeaguascalientes.online\/index.php?rest_route=%2Fwp%2Fv2%2Ftags&post=57259"}],"curies":[{"name":"wp","href":"https:\/\/api.w.org\/{rel}","templated":true}]}}