{"id":57255,"date":"2024-05-06T22:44:08","date_gmt":"2024-05-07T04:44:08","guid":{"rendered":"https:\/\/informativoelvalledeaguascalientes.online\/?p=57255"},"modified":"2024-06-24T23:00:40","modified_gmt":"2024-06-25T05:00:40","slug":"congreso-de-aguascalientes-avalo-informe-de-actividades-de-la-comision-de-recursos-hidraulicos","status":"publish","type":"post","link":"https:\/\/informativoelvalledeaguascalientes.online\/?p=57255","title":{"rendered":"CONGRESO DE AGUASCALIENTES AVAL\u00d3 INFORME DE ACTIVIDADES DE LA COMISI\u00d3N DE RECURSOS HIDR\u00c1ULICOS"},"content":{"rendered":"<p>#informativoelvalledeaguascalientes<\/p>\n<p>#novaradioaguascalientes<\/p>\n<p>#informativoelvalledeaguascalientesll<\/p>\n<p>&nbsp;<\/p>\n<div class=\"fancy-title title-bottom-border\">\n<h3><\/h3>\n<h3><span style=\"font-size: 16px;\">\u2022 Asimismo, se aprob\u00f3 un dictamen encaminado a reformar la Ley de Agua del Estado de Aguascalientes.<\/span><\/h3>\n<\/div>\n<p>&nbsp;<\/p>\n<p class=\"text-justify\">En sesi\u00f3n ordinaria el diputado presidente de la Comisi\u00f3n de Recursos Hidr\u00e1ulicos de la LXV Legislatura del Congreso de Aguascalientes, Jos\u00e9 de Jes\u00fas Altamira Acosta, en conjunto con las y los congresistas integrantes Mar\u00eda Edith Villarce Garc\u00eda como diputada secretaria, y vocales Juan Carlos Palafox Contreras, Carmen Noem\u00ed Herrada Campos y Sergio David Mora Rodarte; avalaron el informe semestral de actividades del tercer a\u00f1o de ejercicio constitucional de dicha comisi\u00f3n y aprobaron un dictamen.<\/p>\n<p class=\"text-justify\">En lo que respecta al desglose del informe de actividades, se dio a conocer que se realizaron cuatro sesiones ordinarias, se votaron tres dict\u00e1menes resolviendo tres iniciativas; a la fecha existen cinco iniciativas pendientes, mismas que se encuentran en etapa de an\u00e1lisis y estudio.<\/p>\n<p class=\"text-justify\">Respecto de los planes y programas de trabajo, se da cumplimiento con cada una de las responsabilidades y atribuciones de la comisi\u00f3n, analizando y modificando el marco normativo del agua, tomando en cuenta las iniciativas recibidas y dictamin\u00e1ndolas, buscando siempre el desarrollo sustentable h\u00eddrico y el beneficio de las familias.<\/p>\n<p class=\"text-justify\">En otro orden de ideas, las y los asamble\u00edstas avalaron una iniciativa de reforma al art\u00edculo 3\u00ba de la Ley de Agua para el Estado de Aguascalientes; con el objeto de sustituir la referencia de \u201cGobernador del Estado\u201d por \u201cla persona Titular del Poder Ejecutivo del Estado\u201d; en apego al uso del lenguaje inclusivo y el principio de equidad de g\u00e9nero y no discriminaci\u00f3n entre mujeres y hombres.<\/p>\n<p class=\"text-justify\">La iniciativa aprobada se turn\u00f3 a la Junta de Coordinaci\u00f3n Pol\u00edtica (JUCOPO), para continuar su tr\u00e1mite correspondiente.<\/p>\n","protected":false},"excerpt":{"rendered":"<p>#informativoelvalledeaguascalientes #novaradioaguascalientes #informativoelvalledeaguascalientesll &nbsp; \u2022 Asimismo, se aprob\u00f3 un dictamen encaminado a reformar la Ley de Agua del Estado de Aguascalientes. &nbsp; En sesi\u00f3n ordinaria el diputado presidente de la Comisi\u00f3n de Recursos Hidr\u00e1ulicos de la LXV Legislatura del Congreso de Aguascalientes, Jos\u00e9 de Jes\u00fas Altamira Acosta, en conjunto con las y los congresistas integrantes [&hellip;]<\/p>\n","protected":false},"author":1,"featured_media":57257,"comment_status":"closed","ping_status":"open","sticky":false,"template":"","format":"standard","meta":{"advanced_seo_description":"","jetpack_seo_html_title":"","jetpack_seo_noindex":false,"_jetpack_memberships_contains_paid_content":false,"footnotes":"","jetpack_publicize_message":"","jetpack_publicize_feature_enabled":true,"jetpack_social_post_already_shared":true,"jetpack_social_options":{"image_generator_settings":{"template":"highway","default_image_id":0,"font":"","enabled":false},"version":2}},"categories":[21,5],"tags":[22,520],"class_list":["post-57255","post","type-post","status-publish","format-standard","has-post-thumbnail","hentry","category-aguascalientes","category-h-congreso-del-estado-aguascalientes","tag-aguascalientes","tag-lxv-legislatura-aguascalientes"],"jetpack_publicize_connections":[],"jetpack_featured_media_url":"https:\/\/i0.wp.com\/informativoelvalledeaguascalientes.online\/wp-content\/uploads\/2024\/06\/558-mayo-6-scaled.jpg?fit=2560%2C1576&ssl=1","jetpack-related-posts":[],"jetpack_sharing_enabled":true,"jetpack_likes_enabled":true,"_links":{"self":[{"href":"https:\/\/informativoelvalledeaguascalientes.online\/index.php?rest_route=\/wp\/v2\/posts\/57255","targetHints":{"allow":["GET"]}}],"collection":[{"href":"https:\/\/informativoelvalledeaguascalientes.online\/index.php?rest_route=\/wp\/v2\/posts"}],"about":[{"href":"https:\/\/informativoelvalledeaguascalientes.online\/index.php?rest_route=\/wp\/v2\/types\/post"}],"author":[{"embeddable":true,"href":"https:\/\/informativoelvalledeaguascalientes.online\/index.php?rest_route=\/wp\/v2\/users\/1"}],"replies":[{"embeddable":true,"href":"https:\/\/informativoelvalledeaguascalientes.online\/index.php?rest_route=%2Fwp%2Fv2%2Fcomments&post=57255"}],"version-history":[{"count":1,"href":"https:\/\/informativoelvalledeaguascalientes.online\/index.php?rest_route=\/wp\/v2\/posts\/57255\/revisions"}],"predecessor-version":[{"id":57258,"href":"https:\/\/informativoelvalledeaguascalientes.online\/index.php?rest_route=\/wp\/v2\/posts\/57255\/revisions\/57258"}],"wp:featuredmedia":[{"embeddable":true,"href":"https:\/\/informativoelvalledeaguascalientes.online\/index.php?rest_route=\/wp\/v2\/media\/57257"}],"wp:attachment":[{"href":"https:\/\/informativoelvalledeaguascalientes.online\/index.php?rest_route=%2Fwp%2Fv2%2Fmedia&parent=57255"}],"wp:term":[{"taxonomy":"category","embeddable":true,"href":"https:\/\/informativoelvalledeaguascalientes.online\/index.php?rest_route=%2Fwp%2Fv2%2Fcategories&post=57255"},{"taxonomy":"post_tag","embeddable":true,"href":"https:\/\/informativoelvalledeaguascalientes.online\/index.php?rest_route=%2Fwp%2Fv2%2Ftags&post=57255"}],"curies":[{"name":"wp","href":"https:\/\/api.w.org\/{rel}","templated":true}]}}