{"id":5712,"date":"2020-04-24T14:09:35","date_gmt":"2020-04-24T20:09:35","guid":{"rendered":"https:\/\/informativoelvalledeaguascalientes.online\/?p=5712"},"modified":"2020-04-24T14:09:35","modified_gmt":"2020-04-24T20:09:35","slug":"gobernador-martin-orozco-pone-en-marcha-guardia-sanitaria-para-fortalecer-combate-al-covid-19","status":"publish","type":"post","link":"https:\/\/informativoelvalledeaguascalientes.online\/?p=5712","title":{"rendered":"GOBERNADOR MART\u00cdN OROZCO PONE EN MARCHA GUARDIA SANITARIA PARA FORTALECER COMBATE AL COVID-19"},"content":{"rendered":"<p>&nbsp;<\/p>\n<ul>\n<li dir=\"ltr\">\n<p dir=\"ltr\">Un grupo de 50 profesionales de la salud estar\u00e1n dedicados a la supervisi\u00f3n y cumplimiento de las medidas de higiene, prevenci\u00f3n y sanitizaci\u00f3n<\/p>\n<\/li>\n<li dir=\"ltr\">\n<p dir=\"ltr\">Actuar\u00e1 en los turnos matutino, vespertino y nocturno; principalmente en el transporte p\u00fablico y centros de abasto<\/p>\n<\/li>\n<\/ul>\n<p>&nbsp;<\/p>\n<p dir=\"ltr\">El gobernador Mart\u00edn Orozco Sandoval anunci\u00f3 la puesta en marcha de la Guardia Sanitaria, un grupo de 50 profesionales de la salud adscritos al Instituto de Servicios de Salud del Estado Aguascalientes (ISSEA), que estar\u00e1n dedicados exclusivamente a la supervisi\u00f3n del cumplimiento de las medidas de higiene, prevenci\u00f3n y sanitizaci\u00f3n de los espacios donde se desarrollan actividades comerciales, servicios y contacto social.<\/p>\n<p>&nbsp;<\/p>\n<p dir=\"ltr\">Al respecto, el mandatario manifest\u00f3 que el Gobierno del Estado contin\u00faa afrontando de manera responsable la pandemia por el Coronavirus en la entidad, por lo que esta nueva estrategia evitar\u00e1 la propagaci\u00f3n del virus y se podr\u00e1n cortar las cadenas de transmisi\u00f3n en el transporte p\u00fablico, supermercados, sucursales bancarias, centros de abasto, entre otros lugares.<\/p>\n<p>&nbsp;<\/p>\n<p dir=\"ltr\">Orozco Sandoval record\u00f3 que la obligaci\u00f3n de su administraci\u00f3n seguir\u00e1 siendo proteger a la sociedad de Aguascalientes, tomando las decisiones pertinentes y con el conocimiento de los expertos del \u00e1rea de salud.<\/p>\n<p>&nbsp;<\/p>\n<p dir=\"ltr\">Finalmente, llam\u00f3 a las y los aguascalentenses a que ahora m\u00e1s que nunca, no dejen de poner en pr\u00e1ctica las medidas preventivas, mantenerse en casa y ser conscientes, pues se aproximan las semanas m\u00e1s complicadas de la contingencia y \u00fanicamente con la colaboraci\u00f3n de todos saldremos adelante.<\/p>\n<p>&nbsp;<\/p>\n<p dir=\"ltr\">Por su parte, el director de Regulaci\u00f3n Sanitaria, Octavio Jim\u00e9nez Mac\u00edas, explic\u00f3 que la Guardia Sanitaria actuar\u00e1 en los turnos matutino, vespertino y nocturno; detall\u00f3 que en una primera etapa en el transporte p\u00fablico estar\u00e1n verificando que los usuarios porten el cubrebocas al momento de abordar a las unidades, que operadores cuenten con gel antibacterial y que se respete la sana distancia.<\/p>\n<p>&nbsp;<\/p>\n<p dir=\"ltr\">De igual forma, destac\u00f3 que se acudir\u00e1 a las terminales de urbanos para verificar la desinfecci\u00f3n de los espacios y oficinas, as\u00ed como la sanitizaci\u00f3n de los camiones al inicio de su jornada y al finalizar cada recorrido de ruta.<\/p>\n<p>&nbsp;<\/p>\n<p dir=\"ltr\">Precis\u00f3 que, en la segunda etapa, entrar\u00e1n a centros de abasto y alimentos para asegurar que todas las personas, tanto locatarios como compradores, cuenten con cubrebocas, adem\u00e1s de que se cumplan las dem\u00e1s medidas sanitarias.<\/p>\n<p>&nbsp;<\/p>\n<p dir=\"ltr\">Finalmente, resalt\u00f3 que primeramente se busca una concientizaci\u00f3n en las persona, luego se ejercer\u00e1 un procedimiento administrativo que podr\u00eda llegar hasta una sanci\u00f3n por parte de la Direcci\u00f3n de Regulaci\u00f3n Sanitaria.\u00a0 Jim\u00e9nez Mac\u00edas apunt\u00f3 que a personas que incumplan podr\u00edan ser arrestadas hasta por 36 horas y ser merecedoras a sanciones monetarias.<\/p>\n<p>&nbsp;<\/p>\n","protected":false},"excerpt":{"rendered":"<p>&nbsp; Un grupo de 50 profesionales de la salud estar\u00e1n dedicados a la supervisi\u00f3n y cumplimiento de las medidas de higiene, prevenci\u00f3n y sanitizaci\u00f3n Actuar\u00e1 en los turnos matutino, vespertino y nocturno; principalmente en el transporte p\u00fablico y centros de abasto &nbsp; El gobernador Mart\u00edn Orozco Sandoval anunci\u00f3 la puesta en marcha de la Guardia [&hellip;]<\/p>\n","protected":false},"author":1,"featured_media":5713,"comment_status":"closed","ping_status":"open","sticky":false,"template":"","format":"standard","meta":{"advanced_seo_description":"","jetpack_seo_html_title":"","jetpack_seo_noindex":false,"_jetpack_memberships_contains_paid_content":false,"footnotes":"","jetpack_publicize_message":"","jetpack_publicize_feature_enabled":true,"jetpack_social_post_already_shared":true,"jetpack_social_options":{"image_generator_settings":{"template":"highway","default_image_id":0,"font":"","enabled":false},"version":2}},"categories":[21,4],"tags":[22,30,31],"class_list":["post-5712","post","type-post","status-publish","format-standard","has-post-thumbnail","hentry","category-aguascalientes","category-gobierno-del-estado-aguascalientes","tag-aguascalientes","tag-issea","tag-mos"],"jetpack_publicize_connections":[],"jetpack_featured_media_url":"https:\/\/i0.wp.com\/informativoelvalledeaguascalientes.online\/wp-content\/uploads\/2020\/04\/issea_guardia_sanitaria_24042020.jpg?fit=1108%2C631&ssl=1","jetpack-related-posts":[],"jetpack_sharing_enabled":true,"jetpack_likes_enabled":true,"_links":{"self":[{"href":"https:\/\/informativoelvalledeaguascalientes.online\/index.php?rest_route=\/wp\/v2\/posts\/5712","targetHints":{"allow":["GET"]}}],"collection":[{"href":"https:\/\/informativoelvalledeaguascalientes.online\/index.php?rest_route=\/wp\/v2\/posts"}],"about":[{"href":"https:\/\/informativoelvalledeaguascalientes.online\/index.php?rest_route=\/wp\/v2\/types\/post"}],"author":[{"embeddable":true,"href":"https:\/\/informativoelvalledeaguascalientes.online\/index.php?rest_route=\/wp\/v2\/users\/1"}],"replies":[{"embeddable":true,"href":"https:\/\/informativoelvalledeaguascalientes.online\/index.php?rest_route=%2Fwp%2Fv2%2Fcomments&post=5712"}],"version-history":[{"count":1,"href":"https:\/\/informativoelvalledeaguascalientes.online\/index.php?rest_route=\/wp\/v2\/posts\/5712\/revisions"}],"predecessor-version":[{"id":5714,"href":"https:\/\/informativoelvalledeaguascalientes.online\/index.php?rest_route=\/wp\/v2\/posts\/5712\/revisions\/5714"}],"wp:featuredmedia":[{"embeddable":true,"href":"https:\/\/informativoelvalledeaguascalientes.online\/index.php?rest_route=\/wp\/v2\/media\/5713"}],"wp:attachment":[{"href":"https:\/\/informativoelvalledeaguascalientes.online\/index.php?rest_route=%2Fwp%2Fv2%2Fmedia&parent=5712"}],"wp:term":[{"taxonomy":"category","embeddable":true,"href":"https:\/\/informativoelvalledeaguascalientes.online\/index.php?rest_route=%2Fwp%2Fv2%2Fcategories&post=5712"},{"taxonomy":"post_tag","embeddable":true,"href":"https:\/\/informativoelvalledeaguascalientes.online\/index.php?rest_route=%2Fwp%2Fv2%2Ftags&post=5712"}],"curies":[{"name":"wp","href":"https:\/\/api.w.org\/{rel}","templated":true}]}}