{"id":57037,"date":"2024-06-14T20:22:51","date_gmt":"2024-06-15T02:22:51","guid":{"rendered":"https:\/\/informativoelvalledeaguascalientes.online\/?p=57037"},"modified":"2024-06-14T20:22:51","modified_gmt":"2024-06-15T02:22:51","slug":"con-capacitacion-se-forman-jovenes-lideres-en-aguascalientes","status":"publish","type":"post","link":"https:\/\/informativoelvalledeaguascalientes.online\/?p=57037","title":{"rendered":"CON CAPACITACI\u00d3N SE FORMAN J\u00d3VENES L\u00cdDERES EN AGUASCALIENTES"},"content":{"rendered":"<p>#informativoelvalledeaguascalientes<\/p>\n<p>#novaradioaguascalientes<\/p>\n<p>#informativoelvalledeaguascalientesll<\/p>\n<p>#ElGiganteDeMexico<\/p>\n<div class=\"siSdJK4 comp-l7sh9ubx\" data-hook=\"ricosviewer-wrapper\">\n<div class=\"U4I07\" dir=\"ltr\" data-id=\"content-viewer\">\n<div class=\"hl-xW\">\n<div>\n<p id=\"viewer-foo\" class=\"-Zro6 -ZADH vVfzz AnCKd _57WYp\"><span class=\"d0767 vVfzz\">Para la gobernadora de Aguascalientes, Tere Jim\u00e9nez, es importante impulsar el desarrollo de las y los\u00a0 j\u00f3venes de la entidad; con ese fin, se cre\u00f3 el programa <em>M\u00e1s que un L\u00edder<\/em>, a trav\u00e9s del cual se brindan talleres y conferencias sobre liderazgo, emprendimiento, psicolog\u00eda y desarrollo personal.\u00a0<\/span><\/p>\n<div id=\"viewer-ca100139\" class=\"-Zro6 -ZADH vVfzz _57WYp\"><span class=\"d0767 vVfzz\">\u00a0<\/span><\/div>\n<p id=\"viewer-fwv9z140\" class=\"-Zro6 -ZADH vVfzz AnCKd _57WYp\"><span class=\"d0767 vVfzz\">Este a\u00f1o, m\u00e1s de 800 j\u00f3venes han recibido beneficios gracias a este programa cuyo prop\u00f3sito es promover el liderazgo juvenil y fomentar su desarrollo tanto personal como profesional.\u00a0<\/span><\/p>\n<div id=\"viewer-ryvim142\" class=\"-Zro6 -ZADH vVfzz _57WYp\"><span class=\"d0767 vVfzz\">\u00a0<\/span><\/div>\n<p id=\"viewer-chcn8143\" class=\"-Zro6 -ZADH vVfzz AnCKd _57WYp\"><span class=\"d0767 vVfzz\">\u201cLa iniciativa busca proporcionar a las y los participantes las herramientas necesarias para enfrentar los desaf\u00edos del futuro al mejorar sus habilidades y ampliar sus oportunidades laborales y educativas\u201d, destac\u00f3 Tere Jim\u00e9nez.\u00a0<\/span><\/p>\n<div id=\"viewer-p56m9173\" class=\"-Zro6 -ZADH vVfzz _57WYp\"><span class=\"d0767 vVfzz\">\u00a0<\/span><\/div>\n<p id=\"viewer-mdjbc145\" class=\"-Zro6 -ZADH vVfzz AnCKd _57WYp\"><span class=\"d0767 vVfzz\">El Instituto Aguascalentense de la Juventud (IAJU) dio a conocer que el registro para incorporarse a <em>M\u00e1s que un L\u00edder<\/em>\u00a0continuar\u00e1 abierto el resto del a\u00f1o para que m\u00e1s j\u00f3venes se sumen al programa.<\/span><\/p>\n<div id=\"viewer-ipzzr262\" class=\"-Zro6 -ZADH vVfzz _57WYp\"><span class=\"d0767 vVfzz\">\u00a0<\/span><\/div>\n<p id=\"viewer-97aq6149\" class=\"-Zro6 -ZADH vVfzz AnCKd _57WYp\"><span class=\"d0767 vVfzz\">La convocatoria es para personas de 18 a 29 a\u00f1os que residan en Aguascalientes; las y los interesados solo deben entrar al enlace <a class=\"TWoY9 itht3\" href=\"https:\/\/linktr.ee\/iajuags\" target=\"_self\" rel=\"noopener noreferrer\"><u>https:\/\/linktr.ee\/iajuags<\/u><\/a>\u00a0y completar el formulario.<\/span><\/p>\n<div id=\"viewer-rdgm8166\" class=\"-Zro6 -ZADH vVfzz _57WYp\"><span class=\"d0767 vVfzz\">\u00a0<\/span><\/div>\n<p id=\"viewer-6adc8153\" class=\"-Zro6 -ZADH vVfzz AnCKd _57WYp\"><span class=\"d0767 vVfzz\">Para mayores informes, comunicarse v\u00eda WhatsApp al 449 579 33 84; o bien acudir a las oficinas del IAJU, ubicadas en Av. Paseo de Ojocaliente No. 556, Fracc. Gomez Portugal, en la ciudad capital, de lunes a viernes de las 9:00 a las 15:00 horas.\u00a0<\/span><\/p>\n<\/div>\n<\/div>\n<\/div>\n<\/div>\n","protected":false},"excerpt":{"rendered":"<p>#informativoelvalledeaguascalientes #novaradioaguascalientes #informativoelvalledeaguascalientesll #ElGiganteDeMexico Para la gobernadora de Aguascalientes, Tere Jim\u00e9nez, es importante impulsar el desarrollo de las y los\u00a0 j\u00f3venes de la entidad; con ese fin, se cre\u00f3 el programa M\u00e1s que un L\u00edder, a trav\u00e9s del cual se brindan talleres y conferencias sobre liderazgo, emprendimiento, psicolog\u00eda y desarrollo personal.\u00a0 \u00a0 Este a\u00f1o, m\u00e1s [&hellip;]<\/p>\n","protected":false},"author":1,"featured_media":57038,"comment_status":"closed","ping_status":"open","sticky":false,"template":"","format":"standard","meta":{"advanced_seo_description":"","jetpack_seo_html_title":"","jetpack_seo_noindex":false,"_jetpack_memberships_contains_paid_content":false,"footnotes":"","jetpack_publicize_message":"","jetpack_publicize_feature_enabled":true,"jetpack_social_post_already_shared":true,"jetpack_social_options":{"image_generator_settings":{"template":"highway","default_image_id":0,"font":"","enabled":false},"version":2}},"categories":[21,4],"tags":[22,161,320],"class_list":["post-57037","post","type-post","status-publish","format-standard","has-post-thumbnail","hentry","category-aguascalientes","category-gobierno-del-estado-aguascalientes","tag-aguascalientes","tag-gobierno-del-estado-aguascalientes","tag-tere-jimenez"],"jetpack_publicize_connections":[],"jetpack_featured_media_url":"https:\/\/i0.wp.com\/informativoelvalledeaguascalientes.online\/wp-content\/uploads\/2024\/06\/2.jpeg?fit=1600%2C1066&ssl=1","jetpack-related-posts":[],"jetpack_sharing_enabled":true,"jetpack_likes_enabled":true,"_links":{"self":[{"href":"https:\/\/informativoelvalledeaguascalientes.online\/index.php?rest_route=\/wp\/v2\/posts\/57037","targetHints":{"allow":["GET"]}}],"collection":[{"href":"https:\/\/informativoelvalledeaguascalientes.online\/index.php?rest_route=\/wp\/v2\/posts"}],"about":[{"href":"https:\/\/informativoelvalledeaguascalientes.online\/index.php?rest_route=\/wp\/v2\/types\/post"}],"author":[{"embeddable":true,"href":"https:\/\/informativoelvalledeaguascalientes.online\/index.php?rest_route=\/wp\/v2\/users\/1"}],"replies":[{"embeddable":true,"href":"https:\/\/informativoelvalledeaguascalientes.online\/index.php?rest_route=%2Fwp%2Fv2%2Fcomments&post=57037"}],"version-history":[{"count":1,"href":"https:\/\/informativoelvalledeaguascalientes.online\/index.php?rest_route=\/wp\/v2\/posts\/57037\/revisions"}],"predecessor-version":[{"id":57039,"href":"https:\/\/informativoelvalledeaguascalientes.online\/index.php?rest_route=\/wp\/v2\/posts\/57037\/revisions\/57039"}],"wp:featuredmedia":[{"embeddable":true,"href":"https:\/\/informativoelvalledeaguascalientes.online\/index.php?rest_route=\/wp\/v2\/media\/57038"}],"wp:attachment":[{"href":"https:\/\/informativoelvalledeaguascalientes.online\/index.php?rest_route=%2Fwp%2Fv2%2Fmedia&parent=57037"}],"wp:term":[{"taxonomy":"category","embeddable":true,"href":"https:\/\/informativoelvalledeaguascalientes.online\/index.php?rest_route=%2Fwp%2Fv2%2Fcategories&post=57037"},{"taxonomy":"post_tag","embeddable":true,"href":"https:\/\/informativoelvalledeaguascalientes.online\/index.php?rest_route=%2Fwp%2Fv2%2Ftags&post=57037"}],"curies":[{"name":"wp","href":"https:\/\/api.w.org\/{rel}","templated":true}]}}