{"id":56972,"date":"2024-06-09T15:24:32","date_gmt":"2024-06-09T21:24:32","guid":{"rendered":"https:\/\/informativoelvalledeaguascalientes.online\/?p=56972"},"modified":"2024-06-10T15:26:46","modified_gmt":"2024-06-10T21:26:46","slug":"tono-martin-del-campo-obtiene-la-mayor-votacion-en-la-historia-de-aguascalientes","status":"publish","type":"post","link":"https:\/\/informativoelvalledeaguascalientes.online\/?p=56972","title":{"rendered":"TO\u00d1O MARTIN DEL CAMPO OBTIENE LA MAYOR VOTACI\u00d3N EN LA HISTORIA DE AGUASCALIENTES"},"content":{"rendered":"<p>#informativoelvalledeaguascalientes<\/p>\n<p>#novaradioaguascalientes<\/p>\n<p>#informativoelvalledeaguascalientesll<\/p>\n<p>\u2022 Recibe su constancia de mayor\u00eda<br \/>\n\u2022 Sigue trabajar por un mejor futuro para Aguascalientes<br \/>\n\u2022 Voy a seguir trabajando por el bien de M\u00e9xico<br \/>\nEl candidato al Senado de la Rep\u00fablica, To\u00f1o Mart\u00edn del Campo, recibi\u00f3 su constancia de mayor\u00eda como ganador de la elecci\u00f3n federal de Aguascalientes y se convirti\u00f3 en el candidato m\u00e1s votado en la historia de Aguascalientes al haber registrado 350 mil 504 votos v\u00e1lidos que representan el 53.52% de la votaci\u00f3n.<br \/>\nDe \u00e9stos, 278 mil provienen del Partido Acci\u00f3n Nacional y el resto de los partidos del Revolucionario Institucional y de la Revoluci\u00f3n Democr\u00e1tica que formaron parte de la Coalici\u00f3n Fuerza y Coraz\u00f3n por M\u00e9xico.<br \/>\nTras el acto oficial, To\u00f1o Mart\u00edn del Campo agradeci\u00f3 la coordinaci\u00f3n que tuvo en la campa\u00f1a con su compa\u00f1era de f\u00f3rmula Mar\u00eda de Jes\u00fas D\u00edaz Marmolejo, con las dirigencias de los partidos y con todos los candidatos federales y estatales que participaron en esta elecci\u00f3n y que fue gracias a ese trabajo que se obtuvo el triunfo contundente en Aguascalientes.<br \/>\nExpres\u00f3 que los partidos ser\u00e1n los responsables de vigilar la asignaci\u00f3n definitiva de curules de acuerdo a los resultados electorales y en su caso, interponer las impugnaciones que haya a lugar.<\/p>\n<p>To\u00f1o Mart\u00edn del Campo se\u00f1al\u00f3 que a pesar de que formar\u00e1 parte de la minor\u00eda en la C\u00e1mara de Senadores se siente comprometido a seguir defendiendo la independencia entre los poderes de la uni\u00f3n y mantener los \u00f3rganos aut\u00f3nomos que fortalecen la democracia en nuestro pa\u00eds como el INE y el INAI.<br \/>\nDijo que ser\u00e1 un opositor responsable que contribuir\u00e1 a lo mejor para M\u00e9xico y aunque Morena y sus aliados tendr\u00e1n la mayor\u00eda en el Poder Legislativo, luchar\u00e1 para evitar atropellos y se \u201ccerrar\u00e1n filas\u201d por el bien mayor que es nuestro pa\u00eds.<br \/>\nFinalmente consider\u00f3 que, una vez culminadas las campa\u00f1as, es momento de unir a la naci\u00f3n, pues el partido Morena se ha dedicado a dividirla, es por ello que se siente completamente preparado para impulsar las reformas legales que fortalezcan a M\u00e9xico.<\/p>\n","protected":false},"excerpt":{"rendered":"<p>#informativoelvalledeaguascalientes #novaradioaguascalientes #informativoelvalledeaguascalientesll \u2022 Recibe su constancia de mayor\u00eda \u2022 Sigue trabajar por un mejor futuro para Aguascalientes \u2022 Voy a seguir trabajando por el bien de M\u00e9xico El candidato al Senado de la Rep\u00fablica, To\u00f1o Mart\u00edn del Campo, recibi\u00f3 su constancia de mayor\u00eda como ganador de la elecci\u00f3n federal de Aguascalientes y se convirti\u00f3 [&hellip;]<\/p>\n","protected":false},"author":1,"featured_media":56973,"comment_status":"closed","ping_status":"open","sticky":false,"template":"","format":"standard","meta":{"advanced_seo_description":"","jetpack_seo_html_title":"","jetpack_seo_noindex":false,"_jetpack_memberships_contains_paid_content":false,"footnotes":"","jetpack_publicize_message":"","jetpack_publicize_feature_enabled":true,"jetpack_social_post_already_shared":true,"jetpack_social_options":{"image_generator_settings":{"template":"highway","default_image_id":0,"font":"","enabled":false},"version":2}},"categories":[21,762,7],"tags":[22,764,665,49],"class_list":["post-56972","post","type-post","status-publish","format-standard","has-post-thumbnail","hentry","category-aguascalientes","category-elecciones-2024","category-pan-aguascalientes","tag-aguascalientes","tag-elecciones-2024","tag-pan","tag-tono-martin-del-campo"],"jetpack_publicize_connections":[],"jetpack_featured_media_url":"https:\/\/i0.wp.com\/informativoelvalledeaguascalientes.online\/wp-content\/uploads\/2024\/06\/WhatsApp-Image-2024-06-10-at-10.32.42.jpeg?fit=705%2C900&ssl=1","jetpack-related-posts":[],"jetpack_sharing_enabled":true,"jetpack_likes_enabled":true,"_links":{"self":[{"href":"https:\/\/informativoelvalledeaguascalientes.online\/index.php?rest_route=\/wp\/v2\/posts\/56972","targetHints":{"allow":["GET"]}}],"collection":[{"href":"https:\/\/informativoelvalledeaguascalientes.online\/index.php?rest_route=\/wp\/v2\/posts"}],"about":[{"href":"https:\/\/informativoelvalledeaguascalientes.online\/index.php?rest_route=\/wp\/v2\/types\/post"}],"author":[{"embeddable":true,"href":"https:\/\/informativoelvalledeaguascalientes.online\/index.php?rest_route=\/wp\/v2\/users\/1"}],"replies":[{"embeddable":true,"href":"https:\/\/informativoelvalledeaguascalientes.online\/index.php?rest_route=%2Fwp%2Fv2%2Fcomments&post=56972"}],"version-history":[{"count":1,"href":"https:\/\/informativoelvalledeaguascalientes.online\/index.php?rest_route=\/wp\/v2\/posts\/56972\/revisions"}],"predecessor-version":[{"id":56974,"href":"https:\/\/informativoelvalledeaguascalientes.online\/index.php?rest_route=\/wp\/v2\/posts\/56972\/revisions\/56974"}],"wp:featuredmedia":[{"embeddable":true,"href":"https:\/\/informativoelvalledeaguascalientes.online\/index.php?rest_route=\/wp\/v2\/media\/56973"}],"wp:attachment":[{"href":"https:\/\/informativoelvalledeaguascalientes.online\/index.php?rest_route=%2Fwp%2Fv2%2Fmedia&parent=56972"}],"wp:term":[{"taxonomy":"category","embeddable":true,"href":"https:\/\/informativoelvalledeaguascalientes.online\/index.php?rest_route=%2Fwp%2Fv2%2Fcategories&post=56972"},{"taxonomy":"post_tag","embeddable":true,"href":"https:\/\/informativoelvalledeaguascalientes.online\/index.php?rest_route=%2Fwp%2Fv2%2Ftags&post=56972"}],"curies":[{"name":"wp","href":"https:\/\/api.w.org\/{rel}","templated":true}]}}