{"id":56900,"date":"2024-06-05T21:28:01","date_gmt":"2024-06-06T03:28:01","guid":{"rendered":"https:\/\/informativoelvalledeaguascalientes.online\/?p=56900"},"modified":"2024-06-05T21:28:49","modified_gmt":"2024-06-06T03:28:49","slug":"reconoce-tere-jimenez-a-mujeres-que-trabajan-en-beneficio-de-sus-comunidades-ustedes-son-agentes-de-cambio","status":"publish","type":"post","link":"https:\/\/informativoelvalledeaguascalientes.online\/?p=56900","title":{"rendered":"RECONOCE TERE JIM\u00c9NEZ A MUJERES QUE TRABAJAN EN BENEFICIO DE SUS COMUNIDADES: \u201cUSTEDES SON AGENTES DE CAMBIO\u201d"},"content":{"rendered":"<p>#informativoelvalledeaguascalientes<\/p>\n<p>#novaradioaguascalientes<\/p>\n<p>#informativoelvalledeaguascalientesll<\/p>\n<p>#ElGiganteDeMexico<\/p>\n<div class=\"siSdJK4 comp-l7sh9ubx\" data-hook=\"ricosviewer-wrapper\">\n<div class=\"U4I07\" dir=\"ltr\" data-id=\"content-viewer\">\n<div class=\"hl-xW\">\n<div>\n<ul class=\"xErDo AnCKd\">\n<li class=\"_04hd2 vVfzz\" dir=\"auto\">\n<div>\n<p id=\"viewer-kdoqp935\" class=\"-Zro6 -ZADH vVfzz AnCKd _57WYp\"><span class=\"d0767 vVfzz\"><strong><em>A trav\u00e9s de la \u201cTarjeta Rosa\u201d se reconoce el liderazgo de mujeres que trabajan a favor de su comunidad<\/em><\/strong><\/span><\/p>\n<\/div>\n<\/li>\n<\/ul>\n<div id=\"viewer-y6xax937\" class=\"-Zro6 -ZADH vVfzz _57WYp\"><span class=\"d0767 vVfzz\">\u00a0<\/span><\/div>\n<p id=\"viewer-omghg938\" class=\"-Zro6 -ZADH vVfzz AnCKd _57WYp\"><span class=\"d0767 vVfzz\">Como parte de su pol\u00edtica de impulso y apoyo a las mujeres, la gobernadora de Aguascalientes, Tere Jim\u00e9nez, entreg\u00f3 reconocimientos a m\u00e1s de 250 ciudadanas que participan en el programa \u201cTarjeta Rosa\u201d de la Secretar\u00eda de Desarrollo Social (Sedeso).<\/span><\/p>\n<div id=\"viewer-vcfqr956\" class=\"-Zro6 -ZADH vVfzz _57WYp\"><span class=\"d0767 vVfzz\">\u00a0<\/span><\/div>\n<p id=\"viewer-y2a1e941\" class=\"-Zro6 -ZADH vVfzz AnCKd _57WYp\"><span class=\"d0767 vVfzz\">En su mensaje, la gobernadora reconoci\u00f3 a las mujeres que trabajan d\u00eda a d\u00eda por el bienestar de su entorno y sus comunidades.\u00a0<\/span><\/p>\n<div id=\"viewer-5muov967\" class=\"-Zro6 -ZADH vVfzz _57WYp\"><span class=\"d0767 vVfzz\">\u00a0<\/span><\/div>\n<p id=\"viewer-n5qlo943\" class=\"-Zro6 -ZADH vVfzz AnCKd _57WYp\"><span class=\"d0767 vVfzz\">\u201cEsto es un proyecto para ayudar a las mujeres; m\u00e1s all\u00e1 del apoyo econ\u00f3mico es \u00a0 reconstruirnos, porque m\u00e1s que materia, somos esp\u00edritu; necesitamos estar acompa\u00f1adas; les pido que siempre sean positivas y que sigan compartiendo sus conocimientos y cambiando vidas, pues ustedes son agentes de cambio, sigamos unidas, porque es la \u00fanica manera en que vamos a salir adelante\u201d, les dijo la gobernadora.\u00a0<\/span><\/p>\n<div id=\"viewer-tfop1978\" class=\"-Zro6 -ZADH vVfzz _57WYp\"><span class=\"d0767 vVfzz\">\u00a0<\/span><\/div>\n<p id=\"viewer-airxt945\" class=\"-Zro6 -ZADH vVfzz AnCKd _57WYp\"><span class=\"d0767 vVfzz\">A\u00f1adi\u00f3 que la administraci\u00f3n estatal que encabeza promueve varios programas y\u00a0 apoyos en su beneficio, como vivienda social, becas educativas, impulso a emprendedores, entre muchos otros.<\/span><\/p>\n<p id=\"viewer-7maam947\" class=\"-Zro6 -ZADH vVfzz AnCKd _57WYp\"><span class=\"d0767 vVfzz\">Por su parte, la secretaria de Desarrollo Social, Patricia Castillo Romero, destac\u00f3 que hoy se cristaliza un sue\u00f1o de Tere Jim\u00e9nez, que es formar una red de mujeres solidarias que apoyan a sus vecinos, comunidad o colonia.<\/span><\/p>\n<div id=\"viewer-xr6yv990\" class=\"-Zro6 -ZADH vVfzz _57WYp\"><span class=\"d0767 vVfzz\">\u00a0<\/span><\/div>\n<p id=\"viewer-j5pnb949\" class=\"-Zro6 -ZADH vVfzz AnCKd _57WYp\"><span class=\"d0767 vVfzz\">\u201cGobernadora, las mujeres que hoy est\u00e1n aqu\u00ed son tus ojos, tu voz, tu brazo para ayudar a m\u00e1s personas; son mujeres ejemplares que trabajan por el bienestar de su comunidad; este esfuerzo de la gobernadora Tere Jim\u00e9nez hace que cada d\u00eda se tengan m\u00e1s mujeres activas en esta red\u201d, mencion\u00f3 Castillo Romero.<\/span><\/p>\n<div id=\"viewer-2nqs41001\" class=\"-Zro6 -ZADH vVfzz _57WYp\"><span class=\"d0767 vVfzz\">\u00a0<\/span><\/div>\n<p id=\"viewer-0ljoo951\" class=\"-Zro6 -ZADH vVfzz AnCKd _57WYp\"><span class=\"d0767 vVfzz\">En el evento que se realiz\u00f3 en la Sala de Conciertos del Ficotrece, tambi\u00e9n estuvieron presentes Jos\u00e9 Juan S\u00e1nchez Barba, presidente municipal de Aguascalientes; Nefertiti Ter\u00e1n, jefa del Departamento de Proyectos Especiales de la Sedeso; Leticia L\u00f3pez, exalcaldesa de C\u00f3rdoba, Veracruz; Jeanet Fabiola Salazar y Mar\u00eda del Pilar Santoyo Gonz\u00e1lez, monitoras \u201cTarjeta Rosa\u201d del municipio de Aguascalientes; as\u00ed como Martha Cynthia Lara Cardona y Jazm\u00edn Marmolejo Bernal, monitoras \u201cTarjeta Rosa\u201d de El Llano y Tepezal\u00e1, respectivamente.<\/span><\/p>\n<\/div>\n<\/div>\n<\/div>\n<\/div>\n","protected":false},"excerpt":{"rendered":"<p>#informativoelvalledeaguascalientes #novaradioaguascalientes #informativoelvalledeaguascalientesll #ElGiganteDeMexico A trav\u00e9s de la \u201cTarjeta Rosa\u201d se reconoce el liderazgo de mujeres que trabajan a favor de su comunidad \u00a0 Como parte de su pol\u00edtica de impulso y apoyo a las mujeres, la gobernadora de Aguascalientes, Tere Jim\u00e9nez, entreg\u00f3 reconocimientos a m\u00e1s de 250 ciudadanas que participan en el programa \u201cTarjeta [&hellip;]<\/p>\n","protected":false},"author":1,"featured_media":56901,"comment_status":"closed","ping_status":"open","sticky":false,"template":"","format":"standard","meta":{"advanced_seo_description":"","jetpack_seo_html_title":"","jetpack_seo_noindex":false,"_jetpack_memberships_contains_paid_content":false,"footnotes":"","jetpack_publicize_message":"","jetpack_publicize_feature_enabled":true,"jetpack_social_post_already_shared":true,"jetpack_social_options":{"image_generator_settings":{"template":"highway","default_image_id":0,"font":"","enabled":false},"version":2}},"categories":[21,4],"tags":[22,615,24,320],"class_list":["post-56900","post","type-post","status-publish","format-standard","has-post-thumbnail","hentry","category-aguascalientes","category-gobierno-del-estado-aguascalientes","tag-aguascalientes","tag-gobierno-del-estado-de-aguascalientes","tag-sedeso","tag-tere-jimenez"],"jetpack_publicize_connections":[],"jetpack_featured_media_url":"https:\/\/i0.wp.com\/informativoelvalledeaguascalientes.online\/wp-content\/uploads\/2024\/06\/IMG_6966.JPG.jpg?fit=2400%2C1600&ssl=1","jetpack-related-posts":[],"jetpack_sharing_enabled":true,"jetpack_likes_enabled":true,"_links":{"self":[{"href":"https:\/\/informativoelvalledeaguascalientes.online\/index.php?rest_route=\/wp\/v2\/posts\/56900","targetHints":{"allow":["GET"]}}],"collection":[{"href":"https:\/\/informativoelvalledeaguascalientes.online\/index.php?rest_route=\/wp\/v2\/posts"}],"about":[{"href":"https:\/\/informativoelvalledeaguascalientes.online\/index.php?rest_route=\/wp\/v2\/types\/post"}],"author":[{"embeddable":true,"href":"https:\/\/informativoelvalledeaguascalientes.online\/index.php?rest_route=\/wp\/v2\/users\/1"}],"replies":[{"embeddable":true,"href":"https:\/\/informativoelvalledeaguascalientes.online\/index.php?rest_route=%2Fwp%2Fv2%2Fcomments&post=56900"}],"version-history":[{"count":1,"href":"https:\/\/informativoelvalledeaguascalientes.online\/index.php?rest_route=\/wp\/v2\/posts\/56900\/revisions"}],"predecessor-version":[{"id":56902,"href":"https:\/\/informativoelvalledeaguascalientes.online\/index.php?rest_route=\/wp\/v2\/posts\/56900\/revisions\/56902"}],"wp:featuredmedia":[{"embeddable":true,"href":"https:\/\/informativoelvalledeaguascalientes.online\/index.php?rest_route=\/wp\/v2\/media\/56901"}],"wp:attachment":[{"href":"https:\/\/informativoelvalledeaguascalientes.online\/index.php?rest_route=%2Fwp%2Fv2%2Fmedia&parent=56900"}],"wp:term":[{"taxonomy":"category","embeddable":true,"href":"https:\/\/informativoelvalledeaguascalientes.online\/index.php?rest_route=%2Fwp%2Fv2%2Fcategories&post=56900"},{"taxonomy":"post_tag","embeddable":true,"href":"https:\/\/informativoelvalledeaguascalientes.online\/index.php?rest_route=%2Fwp%2Fv2%2Ftags&post=56900"}],"curies":[{"name":"wp","href":"https:\/\/api.w.org\/{rel}","templated":true}]}}