{"id":56839,"date":"2024-06-03T16:50:33","date_gmt":"2024-06-03T22:50:33","guid":{"rendered":"https:\/\/informativoelvalledeaguascalientes.online\/?p=56839"},"modified":"2024-06-03T16:50:33","modified_gmt":"2024-06-03T22:50:33","slug":"entrega-tere-jimenez-infraestructura-educativa-en-cecytea-villa-montana","status":"publish","type":"post","link":"https:\/\/informativoelvalledeaguascalientes.online\/?p=56839","title":{"rendered":"ENTREGA TERE JIM\u00c9NEZ INFRAESTRUCTURA EDUCATIVA EN CECYTEA VILLA MONTA\u00d1A"},"content":{"rendered":"<p>#informativoelvalledeaguascalientes<\/p>\n<p>#novaradioaguascalientes<\/p>\n<p>#informativoelvalledeaguascalientesll<\/p>\n<p>#ElGiganteDeMexico<\/p>\n<div class=\"siSdJK4 comp-l7sh9ubx\" data-hook=\"ricosviewer-wrapper\">\n<div class=\"U4I07\" dir=\"ltr\" data-id=\"content-viewer\">\n<div class=\"hl-xW\">\n<div>\n<ul class=\"xErDo AnCKd\">\n<li class=\"_04hd2 vVfzz\" dir=\"auto\">\n<div>\n<p id=\"viewer-fm5q7144\" class=\"-Zro6 -ZADH vVfzz AnCKd _57WYp\"><span class=\"d0767 vVfzz\"><strong><em>Actualmente, el plantel cuenta con siete aulas y 314 alumnos<\/em><\/strong><\/span><\/p>\n<\/div>\n<\/li>\n<li class=\"_04hd2 vVfzz\" dir=\"auto\">\n<div>\n<p id=\"viewer-sm16u147\" class=\"-Zro6 -ZADH vVfzz AnCKd _57WYp\"><span class=\"d0767 vVfzz\"><strong><em>La gobernadora tambi\u00e9n entreg\u00f3 reconocimientos a las y los alumnos destacados en el Festival de Arte y Cultura y del Concurso de Creatividad e Innovaci\u00f3n Tecnol\u00f3gica<\/em><\/strong><\/span><\/p>\n<\/div>\n<\/li>\n<\/ul>\n<div id=\"viewer-mm7wp149\" class=\"-Zro6 -ZADH IjV6v _57WYp\"><span class=\"d0767\">\u00a0<\/span><\/div>\n<p id=\"viewer-fk56d150\" class=\"-Zro6 -ZADH vVfzz AnCKd _57WYp\"><span class=\"d0767 vVfzz\">En un esfuerzo por fortalecer la calidad educativa y proporcionar mejores condiciones de aprendizaje a las y los j\u00f3venes, la gobernadora de Aguascalientes, Tere Jim\u00e9nez, entreg\u00f3 hoy nueva infraestructura educativa en el Colegio de Estudios Cient\u00edficos y Tecnol\u00f3gicos del Estado de Aguascalientes (Cecytea), plantel Villa Monta\u00f1a.<\/span><\/p>\n<div id=\"viewer-dvta5152\" class=\"-Zro6 -ZADH IjV6v _57WYp\"><span class=\"d0767\">\u00a0<\/span><\/div>\n<p id=\"viewer-0vdmt153\" class=\"-Zro6 -ZADH vVfzz AnCKd _57WYp\"><span class=\"d0767 vVfzz\">\u201cEstamos comprometidos con ofrecer a nuestros j\u00f3venes las herramientas necesarias para que puedan alcanzar su m\u00e1ximo potencial; recuerden que en la mente es donde podemos comenzar a construir lo que queremos, no les d\u00e9 miedo ni pena, no importa si nos equivocamos, hay que volver a luchar, a iniciar, porque cada d\u00eda es una oportunidad nueva, no est\u00e1n solos, cuentan con una amiga y una aliada\u201d, mencion\u00f3 la gobernadora.<\/span><\/p>\n<div id=\"viewer-uqhxd155\" class=\"-Zro6 -ZADH IjV6v _57WYp\"><span class=\"d0767\">\u00a0<\/span><\/div>\n<p id=\"viewer-qpn7y156\" class=\"-Zro6 -ZADH vVfzz AnCKd _57WYp\"><span class=\"d0767 vVfzz\">Mar\u00eda Guadalupe Garc\u00eda Arenas, directora general del Cecytea, agradeci\u00f3 a la gobernadora por su apoyo a la educaci\u00f3n y destac\u00f3 que el plantel Villa Monta\u00f1a actualmente cuenta con siete aulas y 314 alumnos, quienes aprovechar\u00e1n la nueva infraestructura.<\/span><\/p>\n<div id=\"viewer-ur5pe158\" class=\"-Zro6 -ZADH IjV6v _57WYp\"><span class=\"d0767\">\u00a0<\/span><\/div>\n<p id=\"viewer-h4sxz159\" class=\"-Zro6 -ZADH vVfzz AnCKd _57WYp\"><span class=\"d0767 vVfzz\">\u201cNuestro patio ahora tiene una techumbre que nos protege; gracias, de verdad muchas gracias por el apoyo de la gobernadora Tere Jim\u00e9nez, quien desde el primer d\u00eda no ha dejado de apoyar y hacer cosas por el Cecytea; este es el comienzo de un nuevo cap\u00edtulo en la historia de este plantel, Villa Monta\u00f1a\u201d, mencion\u00f3.<\/span><\/p>\n<div id=\"viewer-mk1ds161\" class=\"-Zro6 -ZADH IjV6v _57WYp\"><span class=\"d0767\">\u00a0<\/span><\/div>\n<p id=\"viewer-c3mu7162\" class=\"-Zro6 -ZADH vVfzz AnCKd _57WYp\"><span class=\"d0767 vVfzz\">Ricardo Hern\u00e1ndez Pe\u00f1a, director del plantel, reconoci\u00f3 el trabajo que la gobernadora ha hecho en pro de la educaci\u00f3n en el estado.<\/span><\/p>\n<div id=\"viewer-eoxxx164\" class=\"-Zro6 -ZADH IjV6v _57WYp\"><span class=\"d0767\">\u00a0<\/span><\/div>\n<p id=\"viewer-qt80p165\" class=\"-Zro6 -ZADH vVfzz AnCKd _57WYp\"><span class=\"d0767 vVfzz\">\u201cMe siento muy contento de que nos visiten hoy, le agradecemos esta techumbre que nos hac\u00eda bastante falta, porque era complicado hacer actividades al aire libre; esto nos permite aprovechar nuestro plantel y es gracias al apoyo y la visi\u00f3n de la gobernadora con la educaci\u00f3n y los j\u00f3venes; gracias, gobernadora, por su compromiso y entrega\u201d, dijo el director.\u00a0<\/span><\/p>\n<div id=\"viewer-ui5xu167\" class=\"-Zro6 -ZADH IjV6v _57WYp\"><span class=\"d0767\">\u00a0<\/span><\/div>\n<p id=\"viewer-a7xkz168\" class=\"-Zro6 -ZADH vVfzz AnCKd _57WYp\"><span class=\"d0767 vVfzz\">A nombre de las y los estudiantes del Cecytea Villa Monta\u00f1a, la alumna Sandra Cano Delgado mencion\u00f3 que \u201ces un verdadero honor recibir a la gobernadora y agradecerle, porque a partir de hoy podremos hacer actividades bajo esta velaria que nos dar\u00e1 protecci\u00f3n; hoy nos demuestra su compromiso con la educaci\u00f3n y con Villa Monta\u00f1a, tambi\u00e9n demuestra su palabra, no tenga duda de que seguiremos haciendo de este estado el gigante de M\u00e9xico\u201d.<\/span><\/p>\n<div id=\"viewer-v4e65170\" class=\"-Zro6 -ZADH IjV6v _57WYp\"><span class=\"d0767\">\u00a0<\/span><\/div>\n<p id=\"viewer-b8a2s171\" class=\"-Zro6 -ZADH vVfzz AnCKd _57WYp\"><span class=\"d0767 vVfzz\">En el marco de los Honores a la Bandera, la gobernadora tambi\u00e9n entreg\u00f3 reconocimientos a las y los alumnos que destacaron en el Festival de Arte y Cultura y del Concurso de Creatividad e Innovaci\u00f3n Tecnol\u00f3gica.\u00a0<\/span><\/p>\n<div id=\"viewer-9uct1173\" class=\"-Zro6 -ZADH IjV6v _57WYp\"><span class=\"d0767\">\u00a0<\/span><\/div>\n<p id=\"viewer-kg63g174\" class=\"-Zro6 -ZADH vVfzz AnCKd _57WYp\"><span class=\"d0767 vVfzz\">En el evento tambi\u00e9n estuvieron presentes el alcalde de Aguascalientes, Jos\u00e9 Juan S\u00e1nchez Barba; Luis Enrique Guti\u00e9rrez Reynoso, director general del Instituto de Educaci\u00f3n de Aguascalientes; la diputada Gladys Adriana Ram\u00edrez Aguilar, presidenta de la Mesa Directiva del H. Congreso del Estado; Adri\u00e1n Gerardo Dom\u00ednguez S\u00e1nchez, titular de la oficina de Enlace Educativo y representante de la Secretar\u00eda de Educaci\u00f3n P\u00fablica en Aguascalientes, y J. Jes\u00fas Lara Ram\u00edrez, director general del Instituto de Infraestructura F\u00edsica Educativa del Estado de Aguascalientes.<\/span><\/p>\n<div id=\"viewer-xege0176\" class=\"-Zro6 -ZADH IjV6v _57WYp\"><\/div>\n<\/div>\n<\/div>\n<\/div>\n<\/div>\n","protected":false},"excerpt":{"rendered":"<p>#informativoelvalledeaguascalientes #novaradioaguascalientes #informativoelvalledeaguascalientesll #ElGiganteDeMexico Actualmente, el plantel cuenta con siete aulas y 314 alumnos La gobernadora tambi\u00e9n entreg\u00f3 reconocimientos a las y los alumnos destacados en el Festival de Arte y Cultura y del Concurso de Creatividad e Innovaci\u00f3n Tecnol\u00f3gica \u00a0 En un esfuerzo por fortalecer la calidad educativa y proporcionar mejores condiciones de aprendizaje [&hellip;]<\/p>\n","protected":false},"author":1,"featured_media":56840,"comment_status":"closed","ping_status":"open","sticky":false,"template":"","format":"standard","meta":{"advanced_seo_description":"","jetpack_seo_html_title":"","jetpack_seo_noindex":false,"_jetpack_memberships_contains_paid_content":false,"footnotes":"","jetpack_publicize_message":"","jetpack_publicize_feature_enabled":true,"jetpack_social_post_already_shared":true,"jetpack_social_options":{"image_generator_settings":{"template":"highway","default_image_id":0,"font":"","enabled":false},"version":2}},"categories":[21,4],"tags":[22,615,320],"class_list":["post-56839","post","type-post","status-publish","format-standard","has-post-thumbnail","hentry","category-aguascalientes","category-gobierno-del-estado-aguascalientes","tag-aguascalientes","tag-gobierno-del-estado-de-aguascalientes","tag-tere-jimenez"],"jetpack_publicize_connections":[],"jetpack_featured_media_url":"https:\/\/i0.wp.com\/informativoelvalledeaguascalientes.online\/wp-content\/uploads\/2024\/06\/IMG_7531.JPG.jpg?fit=2048%2C1366&ssl=1","jetpack-related-posts":[],"jetpack_sharing_enabled":true,"jetpack_likes_enabled":true,"_links":{"self":[{"href":"https:\/\/informativoelvalledeaguascalientes.online\/index.php?rest_route=\/wp\/v2\/posts\/56839","targetHints":{"allow":["GET"]}}],"collection":[{"href":"https:\/\/informativoelvalledeaguascalientes.online\/index.php?rest_route=\/wp\/v2\/posts"}],"about":[{"href":"https:\/\/informativoelvalledeaguascalientes.online\/index.php?rest_route=\/wp\/v2\/types\/post"}],"author":[{"embeddable":true,"href":"https:\/\/informativoelvalledeaguascalientes.online\/index.php?rest_route=\/wp\/v2\/users\/1"}],"replies":[{"embeddable":true,"href":"https:\/\/informativoelvalledeaguascalientes.online\/index.php?rest_route=%2Fwp%2Fv2%2Fcomments&post=56839"}],"version-history":[{"count":1,"href":"https:\/\/informativoelvalledeaguascalientes.online\/index.php?rest_route=\/wp\/v2\/posts\/56839\/revisions"}],"predecessor-version":[{"id":56841,"href":"https:\/\/informativoelvalledeaguascalientes.online\/index.php?rest_route=\/wp\/v2\/posts\/56839\/revisions\/56841"}],"wp:featuredmedia":[{"embeddable":true,"href":"https:\/\/informativoelvalledeaguascalientes.online\/index.php?rest_route=\/wp\/v2\/media\/56840"}],"wp:attachment":[{"href":"https:\/\/informativoelvalledeaguascalientes.online\/index.php?rest_route=%2Fwp%2Fv2%2Fmedia&parent=56839"}],"wp:term":[{"taxonomy":"category","embeddable":true,"href":"https:\/\/informativoelvalledeaguascalientes.online\/index.php?rest_route=%2Fwp%2Fv2%2Fcategories&post=56839"},{"taxonomy":"post_tag","embeddable":true,"href":"https:\/\/informativoelvalledeaguascalientes.online\/index.php?rest_route=%2Fwp%2Fv2%2Ftags&post=56839"}],"curies":[{"name":"wp","href":"https:\/\/api.w.org\/{rel}","templated":true}]}}