{"id":56835,"date":"2024-06-03T16:46:53","date_gmt":"2024-06-03T22:46:53","guid":{"rendered":"https:\/\/informativoelvalledeaguascalientes.online\/?p=56835"},"modified":"2024-06-03T16:46:53","modified_gmt":"2024-06-03T22:46:53","slug":"teklas-anuncia-su-expansion-en-aguascalientes-con-una-inversion-de-8-millones-de-dolares-creara-300-nuevos-empleos","status":"publish","type":"post","link":"https:\/\/informativoelvalledeaguascalientes.online\/?p=56835","title":{"rendered":"TEKLAS ANUNCIA SU EXPANSI\u00d3N EN AGUASCALIENTES; CON UNA INVERSI\u00d3N DE 8 MILLONES DE D\u00d3LARES CREAR\u00c1 300 NUEVOS EMPLEOS"},"content":{"rendered":"<p>#informativoelvalledeaguascalientes<\/p>\n<p>#novaradioaguascalientes<\/p>\n<p>#informativoelvalledeaguascalientesll<\/p>\n<p>#ElGiganteDeMexico<\/p>\n<div class=\"siSdJK4 comp-l7sh9ubx\" data-hook=\"ricosviewer-wrapper\">\n<div class=\"U4I07\" dir=\"ltr\" data-id=\"content-viewer\">\n<div class=\"hl-xW\">\n<div>\n<ul class=\"xErDo AnCKd\">\n<li class=\"_04hd2 vVfzz\" dir=\"auto\">\n<div>\n<p id=\"viewer-c890p149\" class=\"-Zro6 -ZADH vVfzz AnCKd _57WYp\"><span class=\"d0767 vVfzz\"><strong><em>Anuncia la gobernadora Tere Jim\u00e9nez que la expansi\u00f3n de la planta generar\u00e1 300 nuevos empleos formales<\/em><\/strong><\/span><\/p>\n<\/div>\n<\/li>\n<li class=\"_04hd2 vVfzz\" dir=\"auto\">\n<div>\n<p id=\"viewer-l2db6152\" class=\"-Zro6 -ZADH vVfzz AnCKd _57WYp\"><span class=\"d0767 vVfzz\"><strong><em>El estado se consolida como l\u00edder en la atracci\u00f3n de inversiones de la industria automotriz<\/em><\/strong><\/span><\/p>\n<\/div>\n<\/li>\n<li class=\"_04hd2 vVfzz\" dir=\"auto\">\n<div>\n<p id=\"viewer-74wy7155\" class=\"-Zro6 -ZADH vVfzz AnCKd _57WYp\"><span class=\"d0767 vVfzz\"><strong><em>Se consolida la apuesta por la alta tecnolog\u00eda y la innovaci\u00f3n en los proyectos que llegan a la entidad<\/em><\/strong><\/span><\/p>\n<\/div>\n<\/li>\n<\/ul>\n<div id=\"viewer-3j7cu157\" class=\"-Zro6 -ZADH IjV6v _57WYp\"><span class=\"d0767\">\u00a0<\/span><\/div>\n<p id=\"viewer-2xn4r158\" class=\"-Zro6 -ZADH vVfzz AnCKd _57WYp\"><span class=\"d0767 vVfzz\">Aguascalientes se consolida como el mejor destino para la atracci\u00f3n de nuevas empresas, dijo la gobernadora Tere Jim\u00e9nez al anunciar la expansi\u00f3n de la planta Teklas en el estado, con una inversi\u00f3n de 8 millones de d\u00f3lares y la generaci\u00f3n de 300 nuevos empleos formales, lo que a su vez demuestra que las compa\u00f1\u00edas extranjeras siguen apostando por la entidad.<\/span><\/p>\n<div id=\"viewer-5qgkg160\" class=\"-Zro6 -ZADH IjV6v _57WYp\"><span class=\"d0767\">\u00a0<\/span><\/div>\n<p id=\"viewer-gjgtu161\" class=\"-Zro6 -ZADH vVfzz AnCKd _57WYp\"><span class=\"d0767 vVfzz\">La gobernadora coment\u00f3 que es un orgullo que una empresa de origen turco apueste por Aguascalientes, pues con ello abona al crecimiento de la industria automotriz en el estado, pues la ampliaci\u00f3n de las operaciones de Teklas impactar\u00e1 de manera positiva en el desarrollo del estado, al ser una compa\u00f1\u00eda que le apuesta a la alta tecnolog\u00eda y la innovaci\u00f3n.<\/span><\/p>\n<div id=\"viewer-8n9q3163\" class=\"-Zro6 -ZADH IjV6v _57WYp\"><span class=\"d0767\">\u00a0<\/span><\/div>\n<p id=\"viewer-apf2i164\" class=\"-Zro6 -ZADH vVfzz AnCKd _57WYp\"><span class=\"d0767 vVfzz\">\u201cLa llegada de nuevas empresas ha propiciado que Aguascalientes sea primer lugar en captaci\u00f3n de Inversi\u00f3n Extranjera Directa relacionada con el nearshoring, y es una de las dos entidades con el mayor crecimiento de su actividad econ\u00f3mica, con un 6.9 por ciento, que super\u00f3 la meta anual del 4.5 por ciento y el promedio nacional de 1.9 por ciento, es decir, al cuarto trimestre del 2023 la tasa de crecimiento anual del estado fue cinco veces mayor a la del pa\u00eds\u201d, se\u00f1al\u00f3 Tere Jim\u00e9nez.<\/span><\/p>\n<div id=\"viewer-rnkjg166\" class=\"-Zro6 -ZADH IjV6v _57WYp\"><span class=\"d0767\">\u00a0<\/span><\/div>\n<p id=\"viewer-k1wlz167\" class=\"-Zro6 -ZADH vVfzz AnCKd _57WYp\"><span class=\"d0767 vVfzz\">Detall\u00f3 que Aguascalientes comparte con Teklas los valores del compromiso, la integridad, el trabajo, la innovaci\u00f3n y la visi\u00f3n a largo plazo para sacar adelante este proyecto y las pr\u00f3ximas inversiones que arriben a la entidad, pues con el liderazgo en rubros como la educaci\u00f3n y seguridad, el \u00e9xito de las inversiones que llegan al estado est\u00e1 garantizado, as\u00ed como la consolidaci\u00f3n de la entidad como el coraz\u00f3n log\u00edstico de Am\u00e9rica.<\/span><\/p>\n<div id=\"viewer-bgr7g169\" class=\"-Zro6 -ZADH vVfzz _57WYp\"><span class=\"d0767 vVfzz\">\u00a0<\/span><\/div>\n<p id=\"viewer-qegv0170\" class=\"-Zro6 -ZADH vVfzz AnCKd _57WYp\"><span class=\"d0767 vVfzz\">\u201cAqu\u00ed tenemos estudiantes de primera, tenemos ingenieros y profesionistas de excelencia, en nuestra entidad contamos con escuelas de ingenier\u00eda de la m\u00e1s alta calidad que se cuentan entre las mejores del pa\u00eds\u201d, manifest\u00f3 la gobernadora.\u00a0<\/span><\/p>\n<div id=\"viewer-ridie172\" class=\"-Zro6 -ZADH vVfzz _57WYp\"><span class=\"d0767 vVfzz\">\u00a0<\/span><\/div>\n<p id=\"viewer-dgte5173\" class=\"-Zro6 -ZADH vVfzz AnCKd _57WYp\"><span class=\"d0767 vVfzz\">Ilyas Bayraktar, director general de planta Teklas, agradeci\u00f3 a la gobernadora Tere Jim\u00e9nez por el apoyo para concretar este proyecto de expansi\u00f3n, ya que despu\u00e9s de cinco a\u00f1os de haberse establecido en Aguascalientes, decidieron ampliar sus operaciones por las ventajas\u00a0 competitivas que ofrece el estado, como su ubicaci\u00f3n geogr\u00e1fica y el dinamismo de la industria automotriz en la entidad.<\/span><\/p>\n<div id=\"viewer-fq7uz175\" class=\"-Zro6 -ZADH IjV6v _57WYp\"><span class=\"d0767\">\u00a0<\/span><\/div>\n<p id=\"viewer-tofez176\" class=\"-Zro6 -ZADH vVfzz AnCKd _57WYp\"><span class=\"d0767 vVfzz\">Finalmente, Esa\u00fa Garza de Vega, titular de la Secretar\u00eda de Desarrollo Econ\u00f3mico, Ciencia y Tecnolog\u00eda (Sedecyt), dijo que la ampliaci\u00f3n de esta empresa dedicada a la fabricaci\u00f3n de autopartes de\u00a0 pl\u00e1stico, caucho y metal, complementa el ecosistema del sector automotor en el estado, lo que genera valor agregado a la cadena de proveedur\u00eda de esta industria.<\/span><\/p>\n<\/div>\n<\/div>\n<\/div>\n<\/div>\n<p>&nbsp;<\/p>\n","protected":false},"excerpt":{"rendered":"<p>#informativoelvalledeaguascalientes #novaradioaguascalientes #informativoelvalledeaguascalientesll #ElGiganteDeMexico Anuncia la gobernadora Tere Jim\u00e9nez que la expansi\u00f3n de la planta generar\u00e1 300 nuevos empleos formales El estado se consolida como l\u00edder en la atracci\u00f3n de inversiones de la industria automotriz Se consolida la apuesta por la alta tecnolog\u00eda y la innovaci\u00f3n en los proyectos que llegan a la entidad \u00a0 [&hellip;]<\/p>\n","protected":false},"author":1,"featured_media":56837,"comment_status":"closed","ping_status":"open","sticky":false,"template":"","format":"standard","meta":{"advanced_seo_description":"","jetpack_seo_html_title":"","jetpack_seo_noindex":false,"_jetpack_memberships_contains_paid_content":false,"footnotes":"","jetpack_publicize_message":"","jetpack_publicize_feature_enabled":true,"jetpack_social_post_already_shared":true,"jetpack_social_options":{"image_generator_settings":{"template":"highway","default_image_id":0,"font":"","enabled":false},"version":2}},"categories":[21,4],"tags":[22,615,320],"class_list":["post-56835","post","type-post","status-publish","format-standard","has-post-thumbnail","hentry","category-aguascalientes","category-gobierno-del-estado-aguascalientes","tag-aguascalientes","tag-gobierno-del-estado-de-aguascalientes","tag-tere-jimenez"],"jetpack_publicize_connections":[],"jetpack_featured_media_url":"https:\/\/i0.wp.com\/informativoelvalledeaguascalientes.online\/wp-content\/uploads\/2024\/06\/WhatsApp-Image-2024-06-03-at-16.46.02.jpeg?fit=1600%2C1200&ssl=1","jetpack-related-posts":[],"jetpack_sharing_enabled":true,"jetpack_likes_enabled":true,"_links":{"self":[{"href":"https:\/\/informativoelvalledeaguascalientes.online\/index.php?rest_route=\/wp\/v2\/posts\/56835","targetHints":{"allow":["GET"]}}],"collection":[{"href":"https:\/\/informativoelvalledeaguascalientes.online\/index.php?rest_route=\/wp\/v2\/posts"}],"about":[{"href":"https:\/\/informativoelvalledeaguascalientes.online\/index.php?rest_route=\/wp\/v2\/types\/post"}],"author":[{"embeddable":true,"href":"https:\/\/informativoelvalledeaguascalientes.online\/index.php?rest_route=\/wp\/v2\/users\/1"}],"replies":[{"embeddable":true,"href":"https:\/\/informativoelvalledeaguascalientes.online\/index.php?rest_route=%2Fwp%2Fv2%2Fcomments&post=56835"}],"version-history":[{"count":1,"href":"https:\/\/informativoelvalledeaguascalientes.online\/index.php?rest_route=\/wp\/v2\/posts\/56835\/revisions"}],"predecessor-version":[{"id":56838,"href":"https:\/\/informativoelvalledeaguascalientes.online\/index.php?rest_route=\/wp\/v2\/posts\/56835\/revisions\/56838"}],"wp:featuredmedia":[{"embeddable":true,"href":"https:\/\/informativoelvalledeaguascalientes.online\/index.php?rest_route=\/wp\/v2\/media\/56837"}],"wp:attachment":[{"href":"https:\/\/informativoelvalledeaguascalientes.online\/index.php?rest_route=%2Fwp%2Fv2%2Fmedia&parent=56835"}],"wp:term":[{"taxonomy":"category","embeddable":true,"href":"https:\/\/informativoelvalledeaguascalientes.online\/index.php?rest_route=%2Fwp%2Fv2%2Fcategories&post=56835"},{"taxonomy":"post_tag","embeddable":true,"href":"https:\/\/informativoelvalledeaguascalientes.online\/index.php?rest_route=%2Fwp%2Fv2%2Ftags&post=56835"}],"curies":[{"name":"wp","href":"https:\/\/api.w.org\/{rel}","templated":true}]}}