{"id":56831,"date":"2024-06-03T16:32:21","date_gmt":"2024-06-03T22:32:21","guid":{"rendered":"https:\/\/informativoelvalledeaguascalientes.online\/?p=56831"},"modified":"2024-06-03T16:32:21","modified_gmt":"2024-06-03T22:32:21","slug":"julio-rejon-y-el-ggg-racing-team-tomaron-top-10-de-nascar-mexico-series-en-la-monterrey-120","status":"publish","type":"post","link":"https:\/\/informativoelvalledeaguascalientes.online\/?p=56831","title":{"rendered":"JULIO REJ\u00d3N Y EL GGG RACING TEAM, TOMARON TOP-10 DE NASCAR M\u00c9XICO SERIES EN LA \u201cMONTERREY 120\u201d"},"content":{"rendered":"<p>#informativoelvalledeaguascalientes<\/p>\n<p>#novaradioaguascalientes<\/p>\n<p>#informativoelvalledeaguascalientesll<\/p>\n<p style=\"font-weight: 400;\">\n<p style=\"font-weight: 400;\">\n<p style=\"font-weight: 400;\">Top-10 fue el resultado de la visita de Julio Rej\u00f3n y el GGG Racing Team al Aut\u00f3dromo Monterrey, disputando el pasado s\u00e1bado 25 de mayo la 4ta fecha de NASCAR M\u00e9xico Series.<\/p>\n<p style=\"font-weight: 400;\">\n<p style=\"font-weight: 400;\">La acci\u00f3n volvi\u00f3 para el piloto del\u00a0GGG Racing Team, Julio Rej\u00f3n, quien al mando del Chevrolet\u00a0#55 FGR Proyectos Integrales e Industriales\/ Sarreal\/ Real Inc.\/ Blue G Jet World\/ Montacargas Bolio\/ Soulic\/ AF Group,\u00a0ven\u00eda de alcanzar el podio y buscaba replicarlo en la que signific\u00f3 la 4ta carrera del calendario\u00a0NASCAR M\u00e9xico Series\u00a02024.<\/p>\n<p style=\"font-weight: 400;\">\n<p style=\"font-weight: 400;\">La llamada\u00a0\u201cMonterrey 120\u201d,\u00a0se convirti\u00f3 en uno de los retos m\u00e1s desgastantes en mucho tiempo, esto, gracias a las altas temperaturas que caen sobre suelo regiomontano, rebasando los 40\u00b0C durante el pasado fin de semana.<\/p>\n<p style=\"font-weight: 400;\">\n<p style=\"font-weight: 400;\">Estas condiciones, obligaron a un trabajo arduo por parte de Julio en lo f\u00edsico y un extra del equipo en lo mec\u00e1nico, ya que el desgaste de los autos era mayor. A pesar de lo cual lograba tener una buena calificaci\u00f3n al quedarse con el 5to sitio de salida.<\/p>\n<p style=\"font-weight: 400;\">\n<p style=\"font-weight: 400;\">Tambi\u00e9n se oblig\u00f3 a cambios en el procedimiento de carrera, siendo de 100 minutos totales y arrancando en punto de las 17:30 horas, presentando un par de pausas para la hidrataci\u00f3n.<\/p>\n<p style=\"font-weight: 400;\">\n<p style=\"font-weight: 400;\">Rej\u00f3n, lograba buenos dividendos, sin meterse entre los contactos y pudiendo conservar una buena temperatura en el\u00a0#55,\u00a0para finalmente terminar en el 7mo sitio general, Top-10 para el\u00a0GGG Racing Team.<\/p>\n<p style=\"font-weight: 400;\">\n<p style=\"font-weight: 400;\">Julio Rej\u00f3n:<\/p>\n<p style=\"font-weight: 400;\">\n<p style=\"font-weight: 400;\"><em>\u201cHa sido un fin de semana complicad\u00edsimo para todos. El calor nos puso a prueba en todos los aspectos y afortunadamente pudimos salir adelante trabajando fuertemente como equipo\u201d.<\/em><\/p>\n<p style=\"font-weight: 400;\"><em>\u00a0<\/em><\/p>\n<p style=\"font-weight: 400;\"><em>\u201cAl final es un buen resultado, nos llevamos puntos muy importantes, pero est\u00e1 claro que necesitamos pensar en ese triunfo que nos entregue el pase directo a los Playoffs, y desde ahora nos preparamos para Aguascalientes\u201d.<\/em><\/p>\n<p style=\"font-weight: 400;\"><em>\u00a0<\/em><\/p>\n<p style=\"font-weight: 400;\">El siguiente paso para Julio Rej\u00f3n y el\u00a0GGG Racing Team\u00a0se dar\u00e1 en la 5ta fecha de\u00a0NASCAR M\u00e9xico Series, el pr\u00f3ximo 8 y 9 de junio en el\u00a0\u00d3valo Aguascalientes M\u00e9xico.<\/p>\n<p style=\"font-weight: 400;\">\n<p style=\"font-weight: 400;\">\n","protected":false},"excerpt":{"rendered":"<p>#informativoelvalledeaguascalientes #novaradioaguascalientes #informativoelvalledeaguascalientesll Top-10 fue el resultado de la visita de Julio Rej\u00f3n y el GGG Racing Team al Aut\u00f3dromo Monterrey, disputando el pasado s\u00e1bado 25 de mayo la 4ta fecha de NASCAR M\u00e9xico Series. La acci\u00f3n volvi\u00f3 para el piloto del\u00a0GGG Racing Team, Julio Rej\u00f3n, quien al mando del Chevrolet\u00a0#55 FGR Proyectos Integrales e [&hellip;]<\/p>\n","protected":false},"author":1,"featured_media":56833,"comment_status":"closed","ping_status":"open","sticky":false,"template":"","format":"standard","meta":{"advanced_seo_description":"","jetpack_seo_html_title":"","jetpack_seo_noindex":false,"_jetpack_memberships_contains_paid_content":false,"footnotes":"","jetpack_publicize_message":"","jetpack_publicize_feature_enabled":true,"jetpack_social_post_already_shared":true,"jetpack_social_options":{"image_generator_settings":{"template":"highway","default_image_id":0,"font":"","enabled":false},"version":2}},"categories":[21,19],"tags":[22,232,751],"class_list":["post-56831","post","type-post","status-publish","format-standard","has-post-thumbnail","hentry","category-aguascalientes","category-informacion-general","tag-aguascalientes","tag-informacion-general","tag-nascar-mexico-series-2024"],"jetpack_publicize_connections":[],"jetpack_featured_media_url":"https:\/\/i0.wp.com\/informativoelvalledeaguascalientes.online\/wp-content\/uploads\/2024\/06\/nascar-ms.jpg?fit=842%2C599&ssl=1","jetpack-related-posts":[],"jetpack_sharing_enabled":true,"jetpack_likes_enabled":true,"_links":{"self":[{"href":"https:\/\/informativoelvalledeaguascalientes.online\/index.php?rest_route=\/wp\/v2\/posts\/56831","targetHints":{"allow":["GET"]}}],"collection":[{"href":"https:\/\/informativoelvalledeaguascalientes.online\/index.php?rest_route=\/wp\/v2\/posts"}],"about":[{"href":"https:\/\/informativoelvalledeaguascalientes.online\/index.php?rest_route=\/wp\/v2\/types\/post"}],"author":[{"embeddable":true,"href":"https:\/\/informativoelvalledeaguascalientes.online\/index.php?rest_route=\/wp\/v2\/users\/1"}],"replies":[{"embeddable":true,"href":"https:\/\/informativoelvalledeaguascalientes.online\/index.php?rest_route=%2Fwp%2Fv2%2Fcomments&post=56831"}],"version-history":[{"count":1,"href":"https:\/\/informativoelvalledeaguascalientes.online\/index.php?rest_route=\/wp\/v2\/posts\/56831\/revisions"}],"predecessor-version":[{"id":56834,"href":"https:\/\/informativoelvalledeaguascalientes.online\/index.php?rest_route=\/wp\/v2\/posts\/56831\/revisions\/56834"}],"wp:featuredmedia":[{"embeddable":true,"href":"https:\/\/informativoelvalledeaguascalientes.online\/index.php?rest_route=\/wp\/v2\/media\/56833"}],"wp:attachment":[{"href":"https:\/\/informativoelvalledeaguascalientes.online\/index.php?rest_route=%2Fwp%2Fv2%2Fmedia&parent=56831"}],"wp:term":[{"taxonomy":"category","embeddable":true,"href":"https:\/\/informativoelvalledeaguascalientes.online\/index.php?rest_route=%2Fwp%2Fv2%2Fcategories&post=56831"},{"taxonomy":"post_tag","embeddable":true,"href":"https:\/\/informativoelvalledeaguascalientes.online\/index.php?rest_route=%2Fwp%2Fv2%2Ftags&post=56831"}],"curies":[{"name":"wp","href":"https:\/\/api.w.org\/{rel}","templated":true}]}}