{"id":56827,"date":"2024-06-03T12:21:34","date_gmt":"2024-06-03T18:21:34","guid":{"rendered":"https:\/\/informativoelvalledeaguascalientes.online\/?p=56827"},"modified":"2024-06-03T12:21:34","modified_gmt":"2024-06-03T18:21:34","slug":"cesar-medina-se-declara-ganador-y-proximo-presidente-municipal-de-jesus-maria","status":"publish","type":"post","link":"https:\/\/informativoelvalledeaguascalientes.online\/?p=56827","title":{"rendered":"C\u00c9SAR MEDINA SE DECLARA GANADOR Y PR\u00d3XIMO PRESIDENTE MUNICIPAL DE JES\u00daS MAR\u00cdA"},"content":{"rendered":"<p>#informativoelvalledeaguascalientes<\/p>\n<p>#novaradioaguascalientes<\/p>\n<p>#informativoelvalledeaguascalientesll<\/p>\n<p>Con gran entusiasmo, C\u00e9sar Medina Cervantes, candidato a la presidencia municipal de Jes\u00fas Mar\u00eda por la alianza Fuerza y Coraz\u00f3n por Aguascalientes (PRI &#8211; PAN y PRD) celebr\u00f3 su triunfo en las elecciones de este 2 de junio y agradeci\u00f3 la confianza de la ciudadan\u00eda, asimismo se comprometi\u00f3 a trabajar arduamente por un mejor Jes\u00fas Mar\u00eda para todas y todos.<\/p>\n<p>&#8220;iYa ganamos!, este es solo el principio del camino que recorreremos juntos, gracias a todos los que creyeron en este proyecto, tengan la certeza de que no los voy a defraudar y que voy a ser un presidente equitativo que gobierne para todos&#8221; dijo C\u00e9sar Medina.<\/p>\n<p>Agreg\u00f3 que Jes\u00fas Mar\u00eda es un ejemplo de que los gobiernos del PAN saben gobernar y dar resultados, asimismo, se\u00f1al\u00f3 que durante la campa\u00f1a recorri\u00f3 la cabecera municipal, las seis delegaciones, as\u00ed como fraccionamientos y cotos, de manera que pudo escuchar las peticiones de todos los sectores y va a trabajar de la mano de cada uno de ellos en el gobierno que encabezar\u00e1 a partir del mes de octubre.<\/p>\n<p>\u201cTodas las encuestas nos favorec\u00edan, ahora la contundencia de esta victoria nos da la fuerza y la legitimidad para cerrar filas por Jes\u00fas Mar\u00eda, esta tierra que me ha visto crecer y por la que voy a trabajar incansablemente, ser\u00e9 un presidente comprometido con la transparencia, este ser\u00e1 un gobierno abierto, donde cada ciudadano tenga voz y pueda participar activamente en la toma de decisiones\u201d, puntualiz\u00f3.<\/p>\n","protected":false},"excerpt":{"rendered":"<p>#informativoelvalledeaguascalientes #novaradioaguascalientes #informativoelvalledeaguascalientesll Con gran entusiasmo, C\u00e9sar Medina Cervantes, candidato a la presidencia municipal de Jes\u00fas Mar\u00eda por la alianza Fuerza y Coraz\u00f3n por Aguascalientes (PRI &#8211; PAN y PRD) celebr\u00f3 su triunfo en las elecciones de este 2 de junio y agradeci\u00f3 la confianza de la ciudadan\u00eda, asimismo se comprometi\u00f3 a trabajar arduamente por [&hellip;]<\/p>\n","protected":false},"author":1,"featured_media":56828,"comment_status":"closed","ping_status":"open","sticky":false,"template":"","format":"standard","meta":{"advanced_seo_description":"","jetpack_seo_html_title":"","jetpack_seo_noindex":false,"_jetpack_memberships_contains_paid_content":false,"footnotes":"","jetpack_publicize_message":"","jetpack_publicize_feature_enabled":true,"jetpack_social_post_already_shared":true,"jetpack_social_options":{"image_generator_settings":{"template":"highway","default_image_id":0,"font":"","enabled":false},"version":2}},"categories":[21,762,7],"tags":[22,765,764],"class_list":["post-56827","post","type-post","status-publish","format-standard","has-post-thumbnail","hentry","category-aguascalientes","category-elecciones-2024","category-pan-aguascalientes","tag-aguascalientes","tag-cesar-medina","tag-elecciones-2024"],"jetpack_publicize_connections":[],"jetpack_featured_media_url":"https:\/\/i0.wp.com\/informativoelvalledeaguascalientes.online\/wp-content\/uploads\/2024\/06\/WhatsApp-Image-2024-06-03-at-00.36.56-scaled.jpeg?fit=2560%2C1705&ssl=1","jetpack-related-posts":[],"jetpack_sharing_enabled":true,"jetpack_likes_enabled":true,"_links":{"self":[{"href":"https:\/\/informativoelvalledeaguascalientes.online\/index.php?rest_route=\/wp\/v2\/posts\/56827","targetHints":{"allow":["GET"]}}],"collection":[{"href":"https:\/\/informativoelvalledeaguascalientes.online\/index.php?rest_route=\/wp\/v2\/posts"}],"about":[{"href":"https:\/\/informativoelvalledeaguascalientes.online\/index.php?rest_route=\/wp\/v2\/types\/post"}],"author":[{"embeddable":true,"href":"https:\/\/informativoelvalledeaguascalientes.online\/index.php?rest_route=\/wp\/v2\/users\/1"}],"replies":[{"embeddable":true,"href":"https:\/\/informativoelvalledeaguascalientes.online\/index.php?rest_route=%2Fwp%2Fv2%2Fcomments&post=56827"}],"version-history":[{"count":1,"href":"https:\/\/informativoelvalledeaguascalientes.online\/index.php?rest_route=\/wp\/v2\/posts\/56827\/revisions"}],"predecessor-version":[{"id":56829,"href":"https:\/\/informativoelvalledeaguascalientes.online\/index.php?rest_route=\/wp\/v2\/posts\/56827\/revisions\/56829"}],"wp:featuredmedia":[{"embeddable":true,"href":"https:\/\/informativoelvalledeaguascalientes.online\/index.php?rest_route=\/wp\/v2\/media\/56828"}],"wp:attachment":[{"href":"https:\/\/informativoelvalledeaguascalientes.online\/index.php?rest_route=%2Fwp%2Fv2%2Fmedia&parent=56827"}],"wp:term":[{"taxonomy":"category","embeddable":true,"href":"https:\/\/informativoelvalledeaguascalientes.online\/index.php?rest_route=%2Fwp%2Fv2%2Fcategories&post=56827"},{"taxonomy":"post_tag","embeddable":true,"href":"https:\/\/informativoelvalledeaguascalientes.online\/index.php?rest_route=%2Fwp%2Fv2%2Ftags&post=56827"}],"curies":[{"name":"wp","href":"https:\/\/api.w.org\/{rel}","templated":true}]}}