{"id":56797,"date":"2024-05-29T21:57:07","date_gmt":"2024-05-30T03:57:07","guid":{"rendered":"https:\/\/informativoelvalledeaguascalientes.online\/?p=56797"},"modified":"2024-05-29T22:18:23","modified_gmt":"2024-05-30T04:18:23","slug":"cesar-medina-cierra-campana-con-plaza-llena-y-confianza-en-la-victoria-el-2-de-junio","status":"publish","type":"post","link":"https:\/\/informativoelvalledeaguascalientes.online\/?p=56797","title":{"rendered":"C\u00c9SAR MEDINA CIERRA CAMPA\u00d1A CON PLAZA LLENA Y  CONFIANZA EN LA VICTORIA EL 2 DE JUNIO"},"content":{"rendered":"<p>#informativoelvalledeaguascalientes<\/p>\n<p>#novaradioaguascalientes<\/p>\n<p>#informativoelvalledeaguascalientesll<\/p>\n<p>\u2022 &#8220;Cada voto cuenta, y confiamos en que el respaldo de todos ustedes nos llevar\u00e1 al triunfo. Agradecemos de coraz\u00f3n el apoyo que hemos recibido en cada hogar, en cada encuentro donde hemos compartido nuestras propuestas\u201d, C\u00e9sarMedina.<\/p>\n<p>Ante una plaza abarrotada de simpatizantes que acudieron a darle su respaldo, C\u00e9sar Medina, candidato de la Coalici\u00f3n Fuerza y Coraz\u00f3n por Aguascalientes, afirm\u00f3 que la victoria est\u00e1 asegurada el pr\u00f3ximo 2 de junio. A unos d\u00edas de que se realicen las elecciones m\u00e1s importantes de M\u00e9xico, Medina Cervantes cerr\u00f3 a tambor batiente 45 d\u00edas de campa\u00f1a en los que recorri\u00f3 todo el territorio municipal presentando sus propuestas.<\/p>\n<p>Acompa\u00f1ado por los candidatos a senadores To\u00f1o Mart\u00edn del Campo y Chuya D\u00edaz; por el candidato a diputado federal, Humberto Ambriz; y los candidatos a diputados locales Laura Ponce , Bety Montoya y Ad\u00e1n Valdivia; C\u00e9sar Medina manifest\u00f3 \u201c\u00a1Hoy celebramos el final de una campa\u00f1a de arduo trabajo y dedicaci\u00f3n! Estamos seguros de que la victoria est\u00e1 a nuestro alcance este 2 de junio. Cada voto cuenta, y confiamos en que el respaldo de todos ustedes nos llevar\u00e1 al triunfo. Agradecemos de coraz\u00f3n el apoyo que hemos recibido en cada hogar, en cada encuentro donde hemos compartido nuestras propuestas\u201d indic\u00f3.<\/p>\n<p>Previamente, al abanderado del PAN, PRI y PRD, encabez\u00f3 el Desfile de la Victoria, con el que recorri\u00f3 las principales calles de Jes\u00fas Mar\u00eda, para culminar en la Plaza Principal, en donde asegur\u00f3 que el PAN es sin\u00f3nimo de buen gobierno, por ello pidi\u00f3 a los asistentes que depositen su confianza en el proyecto que encabeza \u201choy nos encontramos ante una oportunidad \u00fanica de cambiar el rumbo en nuestro pa\u00eds con X\u00f3chitl G\u00e1lvez, To\u00f1o Mart\u00edn del campo, la Chuya, Humberto Ambriz, Laura Ponce, Bety Montoya, Ad\u00e1n Valdivia y un servidor, todos juntos desde nuestra trinchera trabajaremos por un futuro pr\u00f3spero y equitativo\u201d declar\u00f3.<\/p>\n<p>C\u00e9sar Medina sostuvo que en el gobierno que encabezar\u00e1 a partir del mes de octubre caben todos, y afirm\u00f3 que no habr\u00e1 exclusi\u00f3n; pues es hora de unir fuerzas, sociedad y gobierno, para trabajar codo a codo por el municipio, por el estado y por el pa\u00eds. Reiter\u00f3 que su compromiso es claro y va a trabajar para llevar a Jes\u00fas Mar\u00eda a un mejor lugar, record\u00f3 que dentro de su plan de gobierno tiene previstas obras de gran calado como la primera alberca semi ol\u00edmpica municipal, para brindar m\u00e1s opciones de recreaci\u00f3n y deporte a los jesumarienses.<\/p>\n<p>Finalmente, C\u00e9sar Medina agradeci\u00f3 el acompa\u00f1amiento del PAN, partido al que pertenece, as\u00ed como del PRI y del PRD, que lo arroparon en este camino a trav\u00e9s de la coalici\u00f3n, y reconoci\u00f3 la ardua labor de los dirigentes de cada instituto pol\u00edtico.<\/p>\n<p>\u201cQueridos vecinos, juntos nos esforzaremos por darle a Jes\u00fas Mar\u00eda todo lo bueno que merece. Estamos en buen puerto, pero a\u00fan queda mucho por hacer. Por eso, les pido su apoyo y compromiso. \u00a1Vamos a trabajar m\u00e1s para alcanzar nuestras metas y hacer de nuestro municipio un lugar a\u00fan mejor para vivir! \u00a1Contamos con ustedes! \u00a1Vamos juntos por la victoria!\u201d, concluy\u00f3 C\u00e9sar Medina.<\/p>\n","protected":false},"excerpt":{"rendered":"<p>#informativoelvalledeaguascalientes #novaradioaguascalientes #informativoelvalledeaguascalientesll \u2022 &#8220;Cada voto cuenta, y confiamos en que el respaldo de todos ustedes nos llevar\u00e1 al triunfo. Agradecemos de coraz\u00f3n el apoyo que hemos recibido en cada hogar, en cada encuentro donde hemos compartido nuestras propuestas\u201d, C\u00e9sarMedina. Ante una plaza abarrotada de simpatizantes que acudieron a darle su respaldo, C\u00e9sar Medina, candidato [&hellip;]<\/p>\n","protected":false},"author":1,"featured_media":56801,"comment_status":"closed","ping_status":"open","sticky":false,"template":"","format":"standard","meta":{"advanced_seo_description":"","jetpack_seo_html_title":"","jetpack_seo_noindex":false,"_jetpack_memberships_contains_paid_content":false,"footnotes":"","jetpack_publicize_message":"","jetpack_publicize_feature_enabled":true,"jetpack_social_post_already_shared":true,"jetpack_social_options":{"image_generator_settings":{"template":"highway","default_image_id":0,"font":"","enabled":false},"version":2}},"categories":[21,762,7],"tags":[22,765,764,665],"class_list":["post-56797","post","type-post","status-publish","format-standard","has-post-thumbnail","hentry","category-aguascalientes","category-elecciones-2024","category-pan-aguascalientes","tag-aguascalientes","tag-cesar-medina","tag-elecciones-2024","tag-pan"],"jetpack_publicize_connections":[],"jetpack_featured_media_url":"https:\/\/i0.wp.com\/informativoelvalledeaguascalientes.online\/wp-content\/uploads\/2024\/05\/WhatsApp-Image-2024-05-29-at-22.14.37-scaled.jpeg?fit=2560%2C1703&ssl=1","jetpack-related-posts":[],"jetpack_sharing_enabled":true,"jetpack_likes_enabled":true,"_links":{"self":[{"href":"https:\/\/informativoelvalledeaguascalientes.online\/index.php?rest_route=\/wp\/v2\/posts\/56797","targetHints":{"allow":["GET"]}}],"collection":[{"href":"https:\/\/informativoelvalledeaguascalientes.online\/index.php?rest_route=\/wp\/v2\/posts"}],"about":[{"href":"https:\/\/informativoelvalledeaguascalientes.online\/index.php?rest_route=\/wp\/v2\/types\/post"}],"author":[{"embeddable":true,"href":"https:\/\/informativoelvalledeaguascalientes.online\/index.php?rest_route=\/wp\/v2\/users\/1"}],"replies":[{"embeddable":true,"href":"https:\/\/informativoelvalledeaguascalientes.online\/index.php?rest_route=%2Fwp%2Fv2%2Fcomments&post=56797"}],"version-history":[{"count":1,"href":"https:\/\/informativoelvalledeaguascalientes.online\/index.php?rest_route=\/wp\/v2\/posts\/56797\/revisions"}],"predecessor-version":[{"id":56799,"href":"https:\/\/informativoelvalledeaguascalientes.online\/index.php?rest_route=\/wp\/v2\/posts\/56797\/revisions\/56799"}],"wp:featuredmedia":[{"embeddable":true,"href":"https:\/\/informativoelvalledeaguascalientes.online\/index.php?rest_route=\/wp\/v2\/media\/56801"}],"wp:attachment":[{"href":"https:\/\/informativoelvalledeaguascalientes.online\/index.php?rest_route=%2Fwp%2Fv2%2Fmedia&parent=56797"}],"wp:term":[{"taxonomy":"category","embeddable":true,"href":"https:\/\/informativoelvalledeaguascalientes.online\/index.php?rest_route=%2Fwp%2Fv2%2Fcategories&post=56797"},{"taxonomy":"post_tag","embeddable":true,"href":"https:\/\/informativoelvalledeaguascalientes.online\/index.php?rest_route=%2Fwp%2Fv2%2Ftags&post=56797"}],"curies":[{"name":"wp","href":"https:\/\/api.w.org\/{rel}","templated":true}]}}