{"id":56794,"date":"2024-05-29T21:26:59","date_gmt":"2024-05-30T03:26:59","guid":{"rendered":"https:\/\/informativoelvalledeaguascalientes.online\/?p=56794"},"modified":"2024-05-29T21:26:59","modified_gmt":"2024-05-30T03:26:59","slug":"laura-ponce-cerro-campana-con-gran-recibimiento-en-jesus-maria","status":"publish","type":"post","link":"https:\/\/informativoelvalledeaguascalientes.online\/?p=56794","title":{"rendered":"Laura Ponce cerr\u00f3 campa\u00f1a con gran recibimiento en Jes\u00fas Mar\u00eda"},"content":{"rendered":"<p>#informativoelvalledeaguascalientes<\/p>\n<p>#novaradioaguascalientes<\/p>\n<p>#informativoelvalledeaguascalientesll<\/p>\n<p>\u2022 Se reuni\u00f3 con empresarios del municipio<br \/>\n\u2022 Realiz\u00f3 gran cierre de campa\u00f1a en la Plaza Principal<\/p>\n<p>La candidata a diputada local por el distrito 7, empez\u00f3 el \u00faltimo d\u00eda de campa\u00f1a reuni\u00e9ndose con empresarios de Jes\u00fas Mar\u00eda. Reconoci\u00f3 la importancia de la actividad empresarial para la econom\u00eda del municipio y se comprometi\u00f3 a ser una aliada desde el Congreso del Estado.<\/p>\n<p>Cerr\u00f3 el d\u00eda y la campa\u00f1a con un evento en la Plaza Principal de Jes\u00fas Mar\u00eda, en donde se reunieron cientos de militantes, simpatizantes y p\u00fablico en general, para escuchar el mensaje final de la candidata panista. Junto con C\u00e9sar Medina, agradeci\u00f3 a todos los asistentes por el apoyo mostrado durante los \u00faltimos 45 d\u00edas. \u201cEstoy eternamente agradecida por cada muestra de cari\u00f1o, por tocar puertas a mi lado, por abrirme sus hogares, este triunfo es de todos ustedes\u201d, exclam\u00f3 Laura Ponce.<\/p>\n<p>As\u00ed mismo invit\u00f3 a los presentes a salir a votar este 2 de junio, para refrendar la victoria que habr\u00e1 en Jes\u00fas Mar\u00eda para la coalici\u00f3n \u201cFuerza y Coraz\u00f3n por Aguascalientes\u201d. \u201cNo podemos bajar la guardia, aunque las encuestas nos favorecen, tenemos que invitar a nuestros familiares, vecinos y amigos a votar por las y los candidatos del PAN\u201d, coment\u00f3 la candidata a diputada local.<\/p>\n<p>Tambi\u00e9n agradeci\u00f3 la presencia de los invitados especiales, quienes fueron To\u00f1o Mart\u00edn del Campo, Chuya D\u00edaz, ambos candidatos a senadores; Humberto Ambriz, candidato a diputado federal por el distrito 1; Ad\u00e1n Valdivia, candidato a diputado local por el distrito 8 y Javier Lu\u00e9vano, presidente del Comit\u00e9 Directivo Estatal del PAN.<\/p>\n","protected":false},"excerpt":{"rendered":"<p>#informativoelvalledeaguascalientes #novaradioaguascalientes #informativoelvalledeaguascalientesll \u2022 Se reuni\u00f3 con empresarios del municipio \u2022 Realiz\u00f3 gran cierre de campa\u00f1a en la Plaza Principal La candidata a diputada local por el distrito 7, empez\u00f3 el \u00faltimo d\u00eda de campa\u00f1a reuni\u00e9ndose con empresarios de Jes\u00fas Mar\u00eda. Reconoci\u00f3 la importancia de la actividad empresarial para la econom\u00eda del municipio y se [&hellip;]<\/p>\n","protected":false},"author":1,"featured_media":56795,"comment_status":"closed","ping_status":"open","sticky":false,"template":"","format":"standard","meta":{"advanced_seo_description":"","jetpack_seo_html_title":"","jetpack_seo_noindex":false,"_jetpack_memberships_contains_paid_content":false,"footnotes":"","jetpack_publicize_message":"","jetpack_publicize_feature_enabled":true,"jetpack_social_post_already_shared":true,"jetpack_social_options":{"image_generator_settings":{"template":"highway","default_image_id":0,"font":"","enabled":false},"version":2}},"categories":[21,762,7],"tags":[22,764,763,23],"class_list":["post-56794","post","type-post","status-publish","format-standard","has-post-thumbnail","hentry","category-aguascalientes","category-elecciones-2024","category-pan-aguascalientes","tag-aguascalientes","tag-elecciones-2024","tag-laura-ponce","tag-pan-aguascalientes"],"jetpack_publicize_connections":[],"jetpack_featured_media_url":"https:\/\/i0.wp.com\/informativoelvalledeaguascalientes.online\/wp-content\/uploads\/2024\/05\/WhatsApp-Image-2024-05-29-at-21.15.51-scaled.jpeg?fit=2560%2C1920&ssl=1","jetpack-related-posts":[],"jetpack_sharing_enabled":true,"jetpack_likes_enabled":true,"_links":{"self":[{"href":"https:\/\/informativoelvalledeaguascalientes.online\/index.php?rest_route=\/wp\/v2\/posts\/56794","targetHints":{"allow":["GET"]}}],"collection":[{"href":"https:\/\/informativoelvalledeaguascalientes.online\/index.php?rest_route=\/wp\/v2\/posts"}],"about":[{"href":"https:\/\/informativoelvalledeaguascalientes.online\/index.php?rest_route=\/wp\/v2\/types\/post"}],"author":[{"embeddable":true,"href":"https:\/\/informativoelvalledeaguascalientes.online\/index.php?rest_route=\/wp\/v2\/users\/1"}],"replies":[{"embeddable":true,"href":"https:\/\/informativoelvalledeaguascalientes.online\/index.php?rest_route=%2Fwp%2Fv2%2Fcomments&post=56794"}],"version-history":[{"count":1,"href":"https:\/\/informativoelvalledeaguascalientes.online\/index.php?rest_route=\/wp\/v2\/posts\/56794\/revisions"}],"predecessor-version":[{"id":56796,"href":"https:\/\/informativoelvalledeaguascalientes.online\/index.php?rest_route=\/wp\/v2\/posts\/56794\/revisions\/56796"}],"wp:featuredmedia":[{"embeddable":true,"href":"https:\/\/informativoelvalledeaguascalientes.online\/index.php?rest_route=\/wp\/v2\/media\/56795"}],"wp:attachment":[{"href":"https:\/\/informativoelvalledeaguascalientes.online\/index.php?rest_route=%2Fwp%2Fv2%2Fmedia&parent=56794"}],"wp:term":[{"taxonomy":"category","embeddable":true,"href":"https:\/\/informativoelvalledeaguascalientes.online\/index.php?rest_route=%2Fwp%2Fv2%2Fcategories&post=56794"},{"taxonomy":"post_tag","embeddable":true,"href":"https:\/\/informativoelvalledeaguascalientes.online\/index.php?rest_route=%2Fwp%2Fv2%2Ftags&post=56794"}],"curies":[{"name":"wp","href":"https:\/\/api.w.org\/{rel}","templated":true}]}}