{"id":56790,"date":"2024-05-29T19:44:53","date_gmt":"2024-05-30T01:44:53","guid":{"rendered":"https:\/\/informativoelvalledeaguascalientes.online\/?p=56790"},"modified":"2024-05-29T19:44:53","modified_gmt":"2024-05-30T01:44:53","slug":"con-educacion-construimos-un-mejor-aguascalientes-tere-jimenez","status":"publish","type":"post","link":"https:\/\/informativoelvalledeaguascalientes.online\/?p=56790","title":{"rendered":"CON EDUCACI\u00d3N CONSTRUIMOS UN MEJOR AGUASCALIENTES: TERE JIM\u00c9NEZ"},"content":{"rendered":"<p>#informativoelvalledeaguascalientes<\/p>\n<p>#novaradioaguascalientes<\/p>\n<p>#informativoelvalledeaguascalientesll<\/p>\n<p>#ElGiganteDeMexico<\/p>\n<ul class=\"xErDo AnCKd\">\n<li class=\"_04hd2 vVfzz\" dir=\"auto\">\n<div>\n<p id=\"viewer-uq50x183\" class=\"-Zro6 -ZADH vVfzz AnCKd _57WYp\"><span class=\"d0767 vVfzz\"><strong><em>Mi sue\u00f1o es que todos sus hijos vayan a la preparatoria y a la universidad para que logren sus metas: Tere Jim\u00e9nez<\/em><\/strong><\/span><\/p>\n<\/div>\n<\/li>\n<li class=\"_04hd2 vVfzz\" dir=\"auto\">\n<div>\n<p id=\"viewer-vkhw3186\" class=\"-Zro6 -ZADH vVfzz AnCKd _57WYp\"><span class=\"d0767 vVfzz\"><strong><em>La gobernadora realiz\u00f3 una gira de trabajo por escuelas y secundarias de la ciudad capital y del municipio de Pabell\u00f3n de Arteaga<\/em><\/strong><\/span><\/p>\n<\/div>\n<\/li>\n<li class=\"_04hd2 vVfzz\" dir=\"auto\">\n<div>\n<p id=\"viewer-zb2wv189\" class=\"-Zro6 -ZADH vVfzz AnCKd _57WYp\"><span class=\"d0767 vVfzz\"><strong><em>Directivos de las diversas instituciones se comprometieron a trabajar en colaboraci\u00f3n con el Gobierno del Estado para impulsar la educaci\u00f3n<\/em><\/strong><\/span><\/p>\n<\/div>\n<\/li>\n<\/ul>\n<p id=\"viewer-ocxjc191\" class=\"-Zro6 -ZADH vVfzz _57WYp\"><span class=\"d0767 vVfzz\">\u00a0<\/span><\/p>\n<p id=\"viewer-tycui193\" class=\"-Zro6 -ZADH vVfzz AnCKd _57WYp\"><span class=\"d0767 vVfzz\">En una productiva gira de trabajo por diversas primarias y secundarias de la ciudad capital y el municipio de Pabell\u00f3n de Arteaga, la gobernadora de Aguascalientes, Tere Jim\u00e9nez, llam\u00f3 a estudiantes y docentes a seguir impulsando desde la educaci\u00f3n el desarrollo del estado.\u00a0<\/span><\/p>\n<p id=\"viewer-w6oci195\" class=\"-Zro6 -ZADH vVfzz _57WYp\"><span class=\"d0767 vVfzz\">\u00a0<\/span><\/p>\n<p id=\"viewer-owz32197\" class=\"-Zro6 -ZADH vVfzz AnCKd _57WYp\"><span class=\"d0767 vVfzz\">Durante estas visitas, la gobernadora destac\u00f3 la importancia de impulsar la educaci\u00f3n como la llave a un mejor futuro.<\/span><\/p>\n<div id=\"viewer-qzdbx199\" class=\"-Zro6 -ZADH vVfzz _57WYp\"><span class=\"d0767 vVfzz\">\u00a0<\/span><\/div>\n<p id=\"viewer-qnsge200\" class=\"-Zro6 -ZADH vVfzz AnCKd _57WYp\"><span class=\"d0767 vVfzz\">\u201cMi sue\u00f1o es que sus hijos vayan a la preparatoria y universidad para que logren sus metas, de aqu\u00ed van a salir los pr\u00f3ximos doctores, arquitectos, ingenieros y maestros. Mi gobierno apoya a la gente que trabaja y se esfuerza para que las y los estudiantes salgan adelante y contin\u00faen sus estudios; recuerden que la educaci\u00f3n es una inversi\u00f3n para un mejor futuro\u201d, reiter\u00f3 la gobernadora.\u00a0<\/span><\/p>\n<div id=\"viewer-elydz202\" class=\"-Zro6 -ZADH vVfzz _57WYp\"><span class=\"d0767 vVfzz\">\u00a0<\/span><\/div>\n<p id=\"viewer-i8qjr203\" class=\"-Zro6 -ZADH vVfzz AnCKd _57WYp\"><span class=\"d0767 vVfzz\">Tere Jim\u00e9nez invit\u00f3 a madres y padres de familia a seguir apoyando a sus hijos para que salgan adelante. \u201cLa educaci\u00f3n es la mejor herencia que pueden dejarles; a la entidad est\u00e1n llegando inversiones de nuevas empresas, y la buena noticia es que a los egresados de Tecnolog\u00edas de la Informaci\u00f3n les est\u00e1n pagando desde 70 mil hasta 120 mil pesos, por eso, es importante que al momento de elegir una carrera, analicen bien las oportunidades que hay en el estado\u201d, subray\u00f3 la gobernadora.<\/span><\/p>\n<div id=\"viewer-xuc5e205\" class=\"-Zro6 -ZADH vVfzz _57WYp\"><span class=\"d0767 vVfzz\">\u00a0<\/span><\/div>\n<p id=\"viewer-wbn9q206\" class=\"-Zro6 -ZADH vVfzz AnCKd _57WYp\"><span class=\"d0767 vVfzz\">Las directoras y directores de los diversos planteles agradecieron el respaldo de la gobernadora en beneficio del sistema educativo y del magisterio; indicaron que a lo largo de su periodo administrativo han sido testigos del compromiso que tiene con la comunidad estudiantil para que tenga mejores oportunidades.\u00a0<\/span><\/p>\n<div id=\"viewer-p3z1t208\" class=\"-Zro6 -ZADH vVfzz _57WYp\"><span class=\"d0767 vVfzz\">\u00a0<\/span><\/div>\n<p id=\"viewer-zupbb209\" class=\"-Zro6 -ZADH vVfzz AnCKd _57WYp\"><span class=\"d0767 vVfzz\">De igual forma, se comprometieron a trabajar en colaboraci\u00f3n con el Gobierno del Estado para seguir construyendo un futuro prometedor; dijeron que la educaci\u00f3n es un faro de esperanza para la juventud.\u00a0<\/span><\/p>\n<div id=\"viewer-toxfa211\" class=\"-Zro6 -ZADH vVfzz _57WYp\"><span class=\"d0767 vVfzz\">\u00a0<\/span><\/div>\n<p id=\"viewer-2cti5212\" class=\"-Zro6 -ZADH vVfzz AnCKd _57WYp\"><span class=\"d0767 vVfzz\">Los planteles que visit\u00f3 la gobernadora fueron la Secundaria T\u00e9cnica No. 35 Jaime Sabines, la Escuela Primaria Eduardo J. Correa y la Escuela Primaria Mauricio Magdaleno, en la ciudad de Aguascalientes; as\u00ed como la Secundaria T\u00e9cnica No. 3 Jos\u00e9 \u00c1ngel Ceniceros en el municipio de Pabell\u00f3n de Arteaga.<\/span><\/p>\n<div id=\"viewer-hj5ko214\" class=\"-Zro6 -ZADH vVfzz _57WYp\"><span class=\"d0767 vVfzz\">\u00a0<\/span><\/div>\n<p id=\"viewer-f6zic215\" class=\"-Zro6 -ZADH vVfzz AnCKd _57WYp\"><span class=\"d0767 vVfzz\">En los eventos estuvieron presentes autoridades estatales y municipales; diputados locales; directores, docentes y alumnos de escuelas primarias y secundarias, as\u00ed como padres y madres de familia.\u00a0\u00a0<\/span><\/p>\n","protected":false},"excerpt":{"rendered":"<p>#informativoelvalledeaguascalientes #novaradioaguascalientes #informativoelvalledeaguascalientesll #ElGiganteDeMexico Mi sue\u00f1o es que todos sus hijos vayan a la preparatoria y a la universidad para que logren sus metas: Tere Jim\u00e9nez La gobernadora realiz\u00f3 una gira de trabajo por escuelas y secundarias de la ciudad capital y del municipio de Pabell\u00f3n de Arteaga Directivos de las diversas instituciones se comprometieron [&hellip;]<\/p>\n","protected":false},"author":1,"featured_media":56791,"comment_status":"closed","ping_status":"open","sticky":false,"template":"","format":"standard","meta":{"advanced_seo_description":"","jetpack_seo_html_title":"","jetpack_seo_noindex":false,"_jetpack_memberships_contains_paid_content":false,"footnotes":"","jetpack_publicize_message":"","jetpack_publicize_feature_enabled":true,"jetpack_social_post_already_shared":true,"jetpack_social_options":{"image_generator_settings":{"template":"highway","default_image_id":0,"font":"","enabled":false},"version":2}},"categories":[21,4],"tags":[22,615,320],"class_list":["post-56790","post","type-post","status-publish","format-standard","has-post-thumbnail","hentry","category-aguascalientes","category-gobierno-del-estado-aguascalientes","tag-aguascalientes","tag-gobierno-del-estado-de-aguascalientes","tag-tere-jimenez"],"jetpack_publicize_connections":[],"jetpack_featured_media_url":"https:\/\/i0.wp.com\/informativoelvalledeaguascalientes.online\/wp-content\/uploads\/2024\/05\/WhatsApp-Image-2024-05-29-at-2.37.02-PM.jpeg?fit=1600%2C1066&ssl=1","jetpack-related-posts":[],"jetpack_sharing_enabled":true,"jetpack_likes_enabled":true,"_links":{"self":[{"href":"https:\/\/informativoelvalledeaguascalientes.online\/index.php?rest_route=\/wp\/v2\/posts\/56790","targetHints":{"allow":["GET"]}}],"collection":[{"href":"https:\/\/informativoelvalledeaguascalientes.online\/index.php?rest_route=\/wp\/v2\/posts"}],"about":[{"href":"https:\/\/informativoelvalledeaguascalientes.online\/index.php?rest_route=\/wp\/v2\/types\/post"}],"author":[{"embeddable":true,"href":"https:\/\/informativoelvalledeaguascalientes.online\/index.php?rest_route=\/wp\/v2\/users\/1"}],"replies":[{"embeddable":true,"href":"https:\/\/informativoelvalledeaguascalientes.online\/index.php?rest_route=%2Fwp%2Fv2%2Fcomments&post=56790"}],"version-history":[{"count":1,"href":"https:\/\/informativoelvalledeaguascalientes.online\/index.php?rest_route=\/wp\/v2\/posts\/56790\/revisions"}],"predecessor-version":[{"id":56792,"href":"https:\/\/informativoelvalledeaguascalientes.online\/index.php?rest_route=\/wp\/v2\/posts\/56790\/revisions\/56792"}],"wp:featuredmedia":[{"embeddable":true,"href":"https:\/\/informativoelvalledeaguascalientes.online\/index.php?rest_route=\/wp\/v2\/media\/56791"}],"wp:attachment":[{"href":"https:\/\/informativoelvalledeaguascalientes.online\/index.php?rest_route=%2Fwp%2Fv2%2Fmedia&parent=56790"}],"wp:term":[{"taxonomy":"category","embeddable":true,"href":"https:\/\/informativoelvalledeaguascalientes.online\/index.php?rest_route=%2Fwp%2Fv2%2Fcategories&post=56790"},{"taxonomy":"post_tag","embeddable":true,"href":"https:\/\/informativoelvalledeaguascalientes.online\/index.php?rest_route=%2Fwp%2Fv2%2Ftags&post=56790"}],"curies":[{"name":"wp","href":"https:\/\/api.w.org\/{rel}","templated":true}]}}