{"id":56787,"date":"2024-05-28T19:32:19","date_gmt":"2024-05-29T01:32:19","guid":{"rendered":"https:\/\/informativoelvalledeaguascalientes.online\/?p=56787"},"modified":"2024-05-29T19:38:59","modified_gmt":"2024-05-30T01:38:59","slug":"laura-ponce-llama-a-votar-por-los-mejores-proyectos-y-propuestas-por-las-y-los-candidatos-del-partido-accion-nacional","status":"publish","type":"post","link":"https:\/\/informativoelvalledeaguascalientes.online\/?p=56787","title":{"rendered":"Laura Ponce llama a votar por los mejores proyectos y propuestas, por las y los candidatos del Partido Acci\u00f3n Nacional"},"content":{"rendered":"<p>#informativoelvalledeaguascalientes<\/p>\n<p>#novaradioaguascalientes<\/p>\n<p>#informativoelvalledeaguascalientesll<\/p>\n<p>\u2022 Hizo recorrido vecinal en Arboledas<br \/>\n\u2022 Realiz\u00f3 cierre de campa\u00f1a en Paseos de Aguascalientes<\/p>\n<p>La candidata por Jes\u00fas Mar\u00eda, realiz\u00f3 un recorrido vecinal en Arboledas, llamando a votar este 2 de junio por los mejores proyectos, como el que comparte con C\u00e9sar Medina para darle continuidad al municipio. \u201cSeremos el mejor equipo para que Jes\u00fas Mar\u00eda siga avanzando, cuenten conmigo para cuidar y velar desde el Congreso del Estado, para que lleguen los recursos que Jes\u00fas Mar\u00eda requiere para su desarrollo\u201d, coment\u00f3 Laura Ponce.<\/p>\n<p>Cerr\u00f3 el d\u00eda con un evento en Paseos de Aguascalientes, para finalizar la campa\u00f1a en esta delegaci\u00f3n. Agradeci\u00f3 a la ciudadan\u00eda el haberle abierto las puertas de sus casas y haber escuchado sus propuestas. \u201cMe siento muy contenta por el recibimiento que tuve en la delegaci\u00f3n de Paseos de Aguascalientes, agradezco infinitamente que me hayan regalado de su tiempo para conocerme y escuchar mis propuestas, cuenten conmigo siempre, este 2 de junio, \u00a1juntos ya ganamos!\u201d, expres\u00f3 Laura Ponce.<\/p>\n","protected":false},"excerpt":{"rendered":"<p>#informativoelvalledeaguascalientes #novaradioaguascalientes #informativoelvalledeaguascalientesll \u2022 Hizo recorrido vecinal en Arboledas \u2022 Realiz\u00f3 cierre de campa\u00f1a en Paseos de Aguascalientes La candidata por Jes\u00fas Mar\u00eda, realiz\u00f3 un recorrido vecinal en Arboledas, llamando a votar este 2 de junio por los mejores proyectos, como el que comparte con C\u00e9sar Medina para darle continuidad al municipio. \u201cSeremos el mejor [&hellip;]<\/p>\n","protected":false},"author":1,"featured_media":56788,"comment_status":"closed","ping_status":"open","sticky":false,"template":"","format":"standard","meta":{"advanced_seo_description":"","jetpack_seo_html_title":"","jetpack_seo_noindex":false,"_jetpack_memberships_contains_paid_content":false,"footnotes":"","jetpack_publicize_message":"","jetpack_publicize_feature_enabled":true,"jetpack_social_post_already_shared":true,"jetpack_social_options":{"image_generator_settings":{"template":"highway","default_image_id":0,"font":"","enabled":false},"version":2}},"categories":[21,762,7],"tags":[22,764,763,665],"class_list":["post-56787","post","type-post","status-publish","format-standard","has-post-thumbnail","hentry","category-aguascalientes","category-elecciones-2024","category-pan-aguascalientes","tag-aguascalientes","tag-elecciones-2024","tag-laura-ponce","tag-pan"],"jetpack_publicize_connections":[],"jetpack_featured_media_url":"https:\/\/i0.wp.com\/informativoelvalledeaguascalientes.online\/wp-content\/uploads\/2024\/05\/WhatsApp-Image-2024-05-28-at-21.10.51.jpeg?fit=1600%2C1200&ssl=1","jetpack-related-posts":[],"jetpack_sharing_enabled":true,"jetpack_likes_enabled":true,"_links":{"self":[{"href":"https:\/\/informativoelvalledeaguascalientes.online\/index.php?rest_route=\/wp\/v2\/posts\/56787","targetHints":{"allow":["GET"]}}],"collection":[{"href":"https:\/\/informativoelvalledeaguascalientes.online\/index.php?rest_route=\/wp\/v2\/posts"}],"about":[{"href":"https:\/\/informativoelvalledeaguascalientes.online\/index.php?rest_route=\/wp\/v2\/types\/post"}],"author":[{"embeddable":true,"href":"https:\/\/informativoelvalledeaguascalientes.online\/index.php?rest_route=\/wp\/v2\/users\/1"}],"replies":[{"embeddable":true,"href":"https:\/\/informativoelvalledeaguascalientes.online\/index.php?rest_route=%2Fwp%2Fv2%2Fcomments&post=56787"}],"version-history":[{"count":1,"href":"https:\/\/informativoelvalledeaguascalientes.online\/index.php?rest_route=\/wp\/v2\/posts\/56787\/revisions"}],"predecessor-version":[{"id":56789,"href":"https:\/\/informativoelvalledeaguascalientes.online\/index.php?rest_route=\/wp\/v2\/posts\/56787\/revisions\/56789"}],"wp:featuredmedia":[{"embeddable":true,"href":"https:\/\/informativoelvalledeaguascalientes.online\/index.php?rest_route=\/wp\/v2\/media\/56788"}],"wp:attachment":[{"href":"https:\/\/informativoelvalledeaguascalientes.online\/index.php?rest_route=%2Fwp%2Fv2%2Fmedia&parent=56787"}],"wp:term":[{"taxonomy":"category","embeddable":true,"href":"https:\/\/informativoelvalledeaguascalientes.online\/index.php?rest_route=%2Fwp%2Fv2%2Fcategories&post=56787"},{"taxonomy":"post_tag","embeddable":true,"href":"https:\/\/informativoelvalledeaguascalientes.online\/index.php?rest_route=%2Fwp%2Fv2%2Ftags&post=56787"}],"curies":[{"name":"wp","href":"https:\/\/api.w.org\/{rel}","templated":true}]}}