{"id":56738,"date":"2024-05-25T18:36:14","date_gmt":"2024-05-26T00:36:14","guid":{"rendered":"https:\/\/informativoelvalledeaguascalientes.online\/?p=56738"},"modified":"2024-05-27T18:40:59","modified_gmt":"2024-05-28T00:40:59","slug":"laura-ponce-celebro-cierre-de-campana-en-delegacion-de-maravillas","status":"publish","type":"post","link":"https:\/\/informativoelvalledeaguascalientes.online\/?p=56738","title":{"rendered":"Laura Ponce celebr\u00f3 cierre de campa\u00f1a en delegaci\u00f3n de Maravillas"},"content":{"rendered":"<p>#informativoelvalledeaguascalientes<\/p>\n<p>#novaradioaguascalientes<\/p>\n<p>#informativoelvalledeaguascalientesll<\/p>\n<p>\u2022 Hizo recorrido vecinal en Solar de Jonacatique, La Rinconada y Arboledas de Paso Blanco<br \/>\n\u2022 Finaliz\u00f3 el d\u00eda junto con C\u00e9sar Medina en cierre de campa\u00f1a en la delegaci\u00f3n de Maravillas<\/p>\n<p>La candidata por el distrito 7 realiz\u00f3 un recorrido vecinal en las colonias Solar de Jonacatique y Arboledas de Paso Blanco, escuchando las necesidades de las y los habitantes que le abr\u00edan la puerta para conocer su trabajo como diputada y sus propuestas para llevar al Congreso del Estado. \u201cSigo recorriendo cada calle de Jes\u00fas Mar\u00eda, es algo que no dej\u00e9 de hacer durante mi primer periodo como diputada y lo continuar\u00e9 haciendo. No s\u00f3lo es un trabajo que se deba hacer en campa\u00f1a, hay que estar siempre en contacto con la ciudadan\u00eda\u201d, se\u00f1al\u00f3 Laura Ponce.<\/p>\n<p>Finaliz\u00f3 el d\u00eda, comenzando con la gira de cierres de campa\u00f1a por delegaci\u00f3n. Junt\u00f3 con C\u00e9sar Medina, realiz\u00f3 el primer evento en Tepetates, arropados por el entusiasmo de los militantes, simpatizantes y p\u00fablico en general. \u201cEstamos seguros que vamos a ganar, porque las y los jesusmarienses votan por los mejores proyectos, por los mejores candidatos y por el Partido Acci\u00f3n Nacional que ha dado resultados\u201d, expresi\u00f3 la candidata por el PAN.<\/p>\n","protected":false},"excerpt":{"rendered":"<p>#informativoelvalledeaguascalientes #novaradioaguascalientes #informativoelvalledeaguascalientesll \u2022 Hizo recorrido vecinal en Solar de Jonacatique, La Rinconada y Arboledas de Paso Blanco \u2022 Finaliz\u00f3 el d\u00eda junto con C\u00e9sar Medina en cierre de campa\u00f1a en la delegaci\u00f3n de Maravillas La candidata por el distrito 7 realiz\u00f3 un recorrido vecinal en las colonias Solar de Jonacatique y Arboledas de Paso [&hellip;]<\/p>\n","protected":false},"author":1,"featured_media":56739,"comment_status":"closed","ping_status":"open","sticky":false,"template":"","format":"standard","meta":{"advanced_seo_description":"","jetpack_seo_html_title":"","jetpack_seo_noindex":false,"_jetpack_memberships_contains_paid_content":false,"footnotes":"","jetpack_publicize_message":"","jetpack_publicize_feature_enabled":true,"jetpack_social_post_already_shared":true,"jetpack_social_options":{"image_generator_settings":{"template":"highway","default_image_id":0,"font":"","enabled":false},"version":2}},"categories":[21,762,7],"tags":[22,764,763,665],"class_list":["post-56738","post","type-post","status-publish","format-standard","has-post-thumbnail","hentry","category-aguascalientes","category-elecciones-2024","category-pan-aguascalientes","tag-aguascalientes","tag-elecciones-2024","tag-laura-ponce","tag-pan"],"jetpack_publicize_connections":[],"jetpack_featured_media_url":"https:\/\/i0.wp.com\/informativoelvalledeaguascalientes.online\/wp-content\/uploads\/2024\/05\/WhatsApp-Image-2024-05-27-at-18.38.02-scaled.jpeg?fit=1920%2C2560&ssl=1","jetpack-related-posts":[],"jetpack_sharing_enabled":true,"jetpack_likes_enabled":true,"_links":{"self":[{"href":"https:\/\/informativoelvalledeaguascalientes.online\/index.php?rest_route=\/wp\/v2\/posts\/56738","targetHints":{"allow":["GET"]}}],"collection":[{"href":"https:\/\/informativoelvalledeaguascalientes.online\/index.php?rest_route=\/wp\/v2\/posts"}],"about":[{"href":"https:\/\/informativoelvalledeaguascalientes.online\/index.php?rest_route=\/wp\/v2\/types\/post"}],"author":[{"embeddable":true,"href":"https:\/\/informativoelvalledeaguascalientes.online\/index.php?rest_route=\/wp\/v2\/users\/1"}],"replies":[{"embeddable":true,"href":"https:\/\/informativoelvalledeaguascalientes.online\/index.php?rest_route=%2Fwp%2Fv2%2Fcomments&post=56738"}],"version-history":[{"count":1,"href":"https:\/\/informativoelvalledeaguascalientes.online\/index.php?rest_route=\/wp\/v2\/posts\/56738\/revisions"}],"predecessor-version":[{"id":56740,"href":"https:\/\/informativoelvalledeaguascalientes.online\/index.php?rest_route=\/wp\/v2\/posts\/56738\/revisions\/56740"}],"wp:featuredmedia":[{"embeddable":true,"href":"https:\/\/informativoelvalledeaguascalientes.online\/index.php?rest_route=\/wp\/v2\/media\/56739"}],"wp:attachment":[{"href":"https:\/\/informativoelvalledeaguascalientes.online\/index.php?rest_route=%2Fwp%2Fv2%2Fmedia&parent=56738"}],"wp:term":[{"taxonomy":"category","embeddable":true,"href":"https:\/\/informativoelvalledeaguascalientes.online\/index.php?rest_route=%2Fwp%2Fv2%2Fcategories&post=56738"},{"taxonomy":"post_tag","embeddable":true,"href":"https:\/\/informativoelvalledeaguascalientes.online\/index.php?rest_route=%2Fwp%2Fv2%2Ftags&post=56738"}],"curies":[{"name":"wp","href":"https:\/\/api.w.org\/{rel}","templated":true}]}}