{"id":56731,"date":"2024-05-26T18:32:08","date_gmt":"2024-05-27T00:32:08","guid":{"rendered":"https:\/\/informativoelvalledeaguascalientes.online\/?p=56731"},"modified":"2024-05-27T18:36:03","modified_gmt":"2024-05-28T00:36:03","slug":"en-marcha-campana-de-salud-visual-en-jesus-maria","status":"publish","type":"post","link":"https:\/\/informativoelvalledeaguascalientes.online\/?p=56731","title":{"rendered":"EN MARCHA CAMPA\u00d1A DE SALUD VISUAL EN JES\u00daS MAR\u00cdA"},"content":{"rendered":"<p>#informativoelvalledeaguascalientes<\/p>\n<p>#novaradioaguascalientes<\/p>\n<p>#informativoelvalledeaguascalientesll<\/p>\n<p>* Habr\u00e1 ex\u00e1menes gratuitos y lentes a bajo costo<\/p>\n<p>El Gobierno Municipal de Jes\u00fas Mar\u00eda, en colaboraci\u00f3n con el Sistema Municipal para el Desarrollo Integral de la Familia (DIF), anunci\u00f3 el lanzamiento de una nueva campa\u00f1a de salud visual denominada &#8220;Visi\u00f3n Clara y Brillante&#8221;. Esta iniciativa est\u00e1 dise\u00f1ada para proporcionar ex\u00e1menes de la vista gratuitos y lentes a precios muy accesibles a todos los habitantes del municipio.<\/p>\n<p>La campa\u00f1a se desarrollar\u00e1 todos los martes y jueves, de 10:00 am a 4:00 pm, en las instalaciones del DIF Jes\u00fas Mar\u00eda. Los ex\u00e1menes ser\u00e1n realizados por profesionales en optometr\u00eda sin ning\u00fan costo para los asistentes.<\/p>\n<p>Adem\u00e1s de los ex\u00e1menes gratuitos, la campa\u00f1a ofrece lentes a costos muy accesibles. Esta medida busca eliminar las barreras econ\u00f3micas que impiden que muchas personas obtengan las correcciones visuales necesarias.<\/p>\n<p>No se requiere cita previa para participar en la campa\u00f1a. Los interesados pueden acudir directamente a las instalaciones del DIF en los d\u00edas y horarios especificados.<\/p>\n<p>Para m\u00e1s detalles sobre la campa\u00f1a &#8220;Visi\u00f3n Clara y Brillante&#8221;, los ciudadanos pueden comunicarse al tel\u00e9fono 449 965 0224.<\/p>\n<p>Este programa es p\u00fablico, ajeno a cualquier partido pol\u00edtico. Queda prohibido el uso para fines distintos a los establecidos en el programa.<\/p>\n","protected":false},"excerpt":{"rendered":"<p>#informativoelvalledeaguascalientes #novaradioaguascalientes #informativoelvalledeaguascalientesll * Habr\u00e1 ex\u00e1menes gratuitos y lentes a bajo costo El Gobierno Municipal de Jes\u00fas Mar\u00eda, en colaboraci\u00f3n con el Sistema Municipal para el Desarrollo Integral de la Familia (DIF), anunci\u00f3 el lanzamiento de una nueva campa\u00f1a de salud visual denominada &#8220;Visi\u00f3n Clara y Brillante&#8221;. Esta iniciativa est\u00e1 dise\u00f1ada para proporcionar ex\u00e1menes de [&hellip;]<\/p>\n","protected":false},"author":1,"featured_media":56732,"comment_status":"closed","ping_status":"open","sticky":false,"template":"","format":"standard","meta":{"advanced_seo_description":"","jetpack_seo_html_title":"","jetpack_seo_noindex":false,"_jetpack_memberships_contains_paid_content":false,"footnotes":"","jetpack_publicize_message":"","jetpack_publicize_feature_enabled":true,"jetpack_social_post_already_shared":true,"jetpack_social_options":{"image_generator_settings":{"template":"highway","default_image_id":0,"font":"","enabled":false},"version":2}},"categories":[14],"tags":[45],"class_list":["post-56731","post","type-post","status-publish","format-standard","has-post-thumbnail","hentry","category-jesus-maria-aguascalientes","tag-jesus-maria-aguascalientes"],"jetpack_publicize_connections":[],"jetpack_featured_media_url":"https:\/\/i0.wp.com\/informativoelvalledeaguascalientes.online\/wp-content\/uploads\/2024\/05\/WhatsApp-Image-2024-05-26-at-12.33.31.jpeg?fit=1600%2C1600&ssl=1","jetpack-related-posts":[],"jetpack_sharing_enabled":true,"jetpack_likes_enabled":true,"_links":{"self":[{"href":"https:\/\/informativoelvalledeaguascalientes.online\/index.php?rest_route=\/wp\/v2\/posts\/56731","targetHints":{"allow":["GET"]}}],"collection":[{"href":"https:\/\/informativoelvalledeaguascalientes.online\/index.php?rest_route=\/wp\/v2\/posts"}],"about":[{"href":"https:\/\/informativoelvalledeaguascalientes.online\/index.php?rest_route=\/wp\/v2\/types\/post"}],"author":[{"embeddable":true,"href":"https:\/\/informativoelvalledeaguascalientes.online\/index.php?rest_route=\/wp\/v2\/users\/1"}],"replies":[{"embeddable":true,"href":"https:\/\/informativoelvalledeaguascalientes.online\/index.php?rest_route=%2Fwp%2Fv2%2Fcomments&post=56731"}],"version-history":[{"count":2,"href":"https:\/\/informativoelvalledeaguascalientes.online\/index.php?rest_route=\/wp\/v2\/posts\/56731\/revisions"}],"predecessor-version":[{"id":56734,"href":"https:\/\/informativoelvalledeaguascalientes.online\/index.php?rest_route=\/wp\/v2\/posts\/56731\/revisions\/56734"}],"wp:featuredmedia":[{"embeddable":true,"href":"https:\/\/informativoelvalledeaguascalientes.online\/index.php?rest_route=\/wp\/v2\/media\/56732"}],"wp:attachment":[{"href":"https:\/\/informativoelvalledeaguascalientes.online\/index.php?rest_route=%2Fwp%2Fv2%2Fmedia&parent=56731"}],"wp:term":[{"taxonomy":"category","embeddable":true,"href":"https:\/\/informativoelvalledeaguascalientes.online\/index.php?rest_route=%2Fwp%2Fv2%2Fcategories&post=56731"},{"taxonomy":"post_tag","embeddable":true,"href":"https:\/\/informativoelvalledeaguascalientes.online\/index.php?rest_route=%2Fwp%2Fv2%2Ftags&post=56731"}],"curies":[{"name":"wp","href":"https:\/\/api.w.org\/{rel}","templated":true}]}}