{"id":56725,"date":"2024-05-27T18:21:37","date_gmt":"2024-05-28T00:21:37","guid":{"rendered":"https:\/\/informativoelvalledeaguascalientes.online\/?p=56725"},"modified":"2024-05-27T18:21:37","modified_gmt":"2024-05-28T00:21:37","slug":"garantiza-cesar-medina-un-gobierno-incluyente","status":"publish","type":"post","link":"https:\/\/informativoelvalledeaguascalientes.online\/?p=56725","title":{"rendered":"GARANTIZA C\u00c9SAR MEDINA UN GOBIERNO INCLUYENTE"},"content":{"rendered":"<p>#informativoelvalledeaguascalientes<\/p>\n<p>#novaradioaguascalientes<\/p>\n<p>#informativoelvalledeaguascalientesll<\/p>\n<p>El candidato a la Presidencia Municipal de Jes\u00fas Mar\u00eda por la Coalici\u00f3n Fuerza y Coraz\u00f3n por Aguascalientes, C\u00e9sar Medina, afirm\u00f3 que en su gobierno tendr\u00e1n cabida todas las formas de pensar y asegur\u00f3, que necesitar\u00e1 de todas y todos, m\u00e1s all\u00e1 de colores, credos e ideolog\u00edas.<br \/>\nAs\u00ed lo afirm\u00f3 al reunirse con un grupo de familias en la zona centro, donde reafirm\u00f3 que Jes\u00fas Mar\u00eda est\u00e1 creciendo a un ritmo acelerado, lo cual implica muchos retos, y para poderles hacer frente necesita el apoyo de todas y de todos.<\/p>\n<p>&#8220;Necesitamos unir fuerzas, no importa la religi\u00f3n o grupo, todos tienen un fin com\u00fan y es el bienestar de las personas y de las familias, estos mismos temas nos ocupan cuando somos gobierno, coincidimos en formas de pensar, por eso vengo a pedirles su apoyo el pr\u00f3ximo 2 de junio. Estamos a pocos d\u00edas de la elecci\u00f3n y s\u00e9 que nos va a ir muy bien, pero el trabajo en equipo y el respaldo de todos es indispensable para seguir avanzando&#8221; sostuvo.<\/p>\n<p>No obstante, el abanderado de los partidos Acci\u00f3n Nacional, Revolucionario Institucional y de la Revoluci\u00f3n Democr\u00e1tica; reconoci\u00f3 que hay varios problemas que aquejan al municipio, por ello tiene una visi\u00f3n muy clara de lo que ser\u00e1 su gobierno, con propuestas viables para mejorar la seguridad, as\u00ed como los servicios p\u00fablicos en general. &#8220;Voy a dar seguimiento a todos los proyectos, especialmente los exitosos como la casa de M\u00fasica, el centro recreativo Shalom, la Guardia Civil, voy a rehabilitar el centro de Jes\u00fas Mar\u00eda. Me apasiona mucho lo que hago y cuando las cosas se hacen con gusto, hay buenos resultados. Quiero hacer un gran trabajo y cuento con ustedes&#8221; finaliz\u00f3.<\/p>\n","protected":false},"excerpt":{"rendered":"<p>#informativoelvalledeaguascalientes #novaradioaguascalientes #informativoelvalledeaguascalientesll El candidato a la Presidencia Municipal de Jes\u00fas Mar\u00eda por la Coalici\u00f3n Fuerza y Coraz\u00f3n por Aguascalientes, C\u00e9sar Medina, afirm\u00f3 que en su gobierno tendr\u00e1n cabida todas las formas de pensar y asegur\u00f3, que necesitar\u00e1 de todas y todos, m\u00e1s all\u00e1 de colores, credos e ideolog\u00edas. As\u00ed lo afirm\u00f3 al reunirse con [&hellip;]<\/p>\n","protected":false},"author":1,"featured_media":56726,"comment_status":"closed","ping_status":"open","sticky":false,"template":"","format":"standard","meta":{"advanced_seo_description":"","jetpack_seo_html_title":"","jetpack_seo_noindex":false,"_jetpack_memberships_contains_paid_content":false,"footnotes":"","jetpack_publicize_message":"","jetpack_publicize_feature_enabled":true,"jetpack_social_post_already_shared":true,"jetpack_social_options":{"image_generator_settings":{"template":"highway","default_image_id":0,"font":"","enabled":false},"version":2}},"categories":[21,762,7],"tags":[22,765,764,665],"class_list":["post-56725","post","type-post","status-publish","format-standard","has-post-thumbnail","hentry","category-aguascalientes","category-elecciones-2024","category-pan-aguascalientes","tag-aguascalientes","tag-cesar-medina","tag-elecciones-2024","tag-pan"],"jetpack_publicize_connections":[],"jetpack_featured_media_url":"https:\/\/i0.wp.com\/informativoelvalledeaguascalientes.online\/wp-content\/uploads\/2024\/05\/WhatsApp-Image-2024-05-27-at-16.20.54.jpeg?fit=2560%2C1706&ssl=1","jetpack-related-posts":[],"jetpack_sharing_enabled":true,"jetpack_likes_enabled":true,"_links":{"self":[{"href":"https:\/\/informativoelvalledeaguascalientes.online\/index.php?rest_route=\/wp\/v2\/posts\/56725","targetHints":{"allow":["GET"]}}],"collection":[{"href":"https:\/\/informativoelvalledeaguascalientes.online\/index.php?rest_route=\/wp\/v2\/posts"}],"about":[{"href":"https:\/\/informativoelvalledeaguascalientes.online\/index.php?rest_route=\/wp\/v2\/types\/post"}],"author":[{"embeddable":true,"href":"https:\/\/informativoelvalledeaguascalientes.online\/index.php?rest_route=\/wp\/v2\/users\/1"}],"replies":[{"embeddable":true,"href":"https:\/\/informativoelvalledeaguascalientes.online\/index.php?rest_route=%2Fwp%2Fv2%2Fcomments&post=56725"}],"version-history":[{"count":1,"href":"https:\/\/informativoelvalledeaguascalientes.online\/index.php?rest_route=\/wp\/v2\/posts\/56725\/revisions"}],"predecessor-version":[{"id":56727,"href":"https:\/\/informativoelvalledeaguascalientes.online\/index.php?rest_route=\/wp\/v2\/posts\/56725\/revisions\/56727"}],"wp:featuredmedia":[{"embeddable":true,"href":"https:\/\/informativoelvalledeaguascalientes.online\/index.php?rest_route=\/wp\/v2\/media\/56726"}],"wp:attachment":[{"href":"https:\/\/informativoelvalledeaguascalientes.online\/index.php?rest_route=%2Fwp%2Fv2%2Fmedia&parent=56725"}],"wp:term":[{"taxonomy":"category","embeddable":true,"href":"https:\/\/informativoelvalledeaguascalientes.online\/index.php?rest_route=%2Fwp%2Fv2%2Fcategories&post=56725"},{"taxonomy":"post_tag","embeddable":true,"href":"https:\/\/informativoelvalledeaguascalientes.online\/index.php?rest_route=%2Fwp%2Fv2%2Ftags&post=56725"}],"curies":[{"name":"wp","href":"https:\/\/api.w.org\/{rel}","templated":true}]}}