{"id":56504,"date":"2024-05-18T14:48:36","date_gmt":"2024-05-18T20:48:36","guid":{"rendered":"https:\/\/informativoelvalledeaguascalientes.online\/?p=56504"},"modified":"2024-05-19T14:51:00","modified_gmt":"2024-05-19T20:51:00","slug":"laura-ponce-seguira-fortaleciendo-el-rescate-del-rio-san-pedro-2","status":"publish","type":"post","link":"https:\/\/informativoelvalledeaguascalientes.online\/?p=56504","title":{"rendered":"Laura Ponce seguir\u00e1 fortaleciendo el rescate del R\u00edo San Pedro"},"content":{"rendered":"<p>#informativoelvalledeaguascalientes<\/p>\n<p>#novaradioaguascalientes<\/p>\n<p>#informativoelvalledeaguascalientesll<\/p>\n<p>\u2022 Hizo recorrido vecinal en La Ca\u00f1ada, Lomas del Valle y Lomas de Jes\u00fas Mar\u00eda<br \/>\n\u2022 Platic\u00f3 con comuneros del municipio<\/p>\n<p>La candidata por el PAN comparti\u00f3 su propuesta para continuar con el rescate del R\u00edo San Pedro, con el objetivo de incrementar la captaci\u00f3n del agua, adem\u00e1s de impulsar la cultura del cuidado de agua y su reutilizaci\u00f3n. \u201cEl tema del agua es de suma importancia en todo el mundo, y debemos tomar acci\u00f3n inmediata para cuidarla, por eso, desde el Congreso del Estado contar\u00e1n conmigo para trabajar con el gobierno estatal y municipal, que ya empezaron con un gran proyecto para rescatar el R\u00edo San Pedro\u201d, expres\u00f3 Laura Ponce.<\/p>\n<p>La candidata a diputada local platic\u00f3 esta propuesta y m\u00e1s compromisos con vecinas y vecinos del municipio durante sus recorridos por las calles del distrito 7, junto con C\u00e9sar Medina.<\/p>\n<p>Tambi\u00e9n se reuni\u00f3 con comuneros con los que platic\u00f3 acerca de la iniciativa que present\u00f3 como diputada, para brindarles mayor protecci\u00f3n en las decisiones que se tomen en conjunto.<\/p>\n","protected":false},"excerpt":{"rendered":"<p>#informativoelvalledeaguascalientes #novaradioaguascalientes #informativoelvalledeaguascalientesll \u2022 Hizo recorrido vecinal en La Ca\u00f1ada, Lomas del Valle y Lomas de Jes\u00fas Mar\u00eda \u2022 Platic\u00f3 con comuneros del municipio La candidata por el PAN comparti\u00f3 su propuesta para continuar con el rescate del R\u00edo San Pedro, con el objetivo de incrementar la captaci\u00f3n del agua, adem\u00e1s de impulsar la cultura [&hellip;]<\/p>\n","protected":false},"author":1,"featured_media":56505,"comment_status":"closed","ping_status":"open","sticky":false,"template":"","format":"standard","meta":{"advanced_seo_description":"","jetpack_seo_html_title":"","jetpack_seo_noindex":false,"_jetpack_memberships_contains_paid_content":false,"footnotes":"","jetpack_publicize_message":"","jetpack_publicize_feature_enabled":true,"jetpack_social_post_already_shared":true,"jetpack_social_options":{"image_generator_settings":{"template":"highway","default_image_id":0,"font":"","enabled":false},"version":2}},"categories":[21,762,7],"tags":[22,764,763,665],"class_list":["post-56504","post","type-post","status-publish","format-standard","has-post-thumbnail","hentry","category-aguascalientes","category-elecciones-2024","category-pan-aguascalientes","tag-aguascalientes","tag-elecciones-2024","tag-laura-ponce","tag-pan"],"jetpack_publicize_connections":[],"jetpack_featured_media_url":"https:\/\/i0.wp.com\/informativoelvalledeaguascalientes.online\/wp-content\/uploads\/2024\/05\/WhatsApp-Image-2024-05-19-at-14.32.00.jpeg?fit=1076%2C807&ssl=1","jetpack-related-posts":[],"jetpack_sharing_enabled":true,"jetpack_likes_enabled":true,"_links":{"self":[{"href":"https:\/\/informativoelvalledeaguascalientes.online\/index.php?rest_route=\/wp\/v2\/posts\/56504","targetHints":{"allow":["GET"]}}],"collection":[{"href":"https:\/\/informativoelvalledeaguascalientes.online\/index.php?rest_route=\/wp\/v2\/posts"}],"about":[{"href":"https:\/\/informativoelvalledeaguascalientes.online\/index.php?rest_route=\/wp\/v2\/types\/post"}],"author":[{"embeddable":true,"href":"https:\/\/informativoelvalledeaguascalientes.online\/index.php?rest_route=\/wp\/v2\/users\/1"}],"replies":[{"embeddable":true,"href":"https:\/\/informativoelvalledeaguascalientes.online\/index.php?rest_route=%2Fwp%2Fv2%2Fcomments&post=56504"}],"version-history":[{"count":1,"href":"https:\/\/informativoelvalledeaguascalientes.online\/index.php?rest_route=\/wp\/v2\/posts\/56504\/revisions"}],"predecessor-version":[{"id":56506,"href":"https:\/\/informativoelvalledeaguascalientes.online\/index.php?rest_route=\/wp\/v2\/posts\/56504\/revisions\/56506"}],"wp:featuredmedia":[{"embeddable":true,"href":"https:\/\/informativoelvalledeaguascalientes.online\/index.php?rest_route=\/wp\/v2\/media\/56505"}],"wp:attachment":[{"href":"https:\/\/informativoelvalledeaguascalientes.online\/index.php?rest_route=%2Fwp%2Fv2%2Fmedia&parent=56504"}],"wp:term":[{"taxonomy":"category","embeddable":true,"href":"https:\/\/informativoelvalledeaguascalientes.online\/index.php?rest_route=%2Fwp%2Fv2%2Fcategories&post=56504"},{"taxonomy":"post_tag","embeddable":true,"href":"https:\/\/informativoelvalledeaguascalientes.online\/index.php?rest_route=%2Fwp%2Fv2%2Ftags&post=56504"}],"curies":[{"name":"wp","href":"https:\/\/api.w.org\/{rel}","templated":true}]}}