{"id":56500,"date":"2024-05-17T14:32:21","date_gmt":"2024-05-17T20:32:21","guid":{"rendered":"https:\/\/informativoelvalledeaguascalientes.online\/?p=56500"},"modified":"2024-05-19T14:47:25","modified_gmt":"2024-05-19T20:47:25","slug":"laura-ponce-va-por-un-transporte-publico-digno-y-eficiente","status":"publish","type":"post","link":"https:\/\/informativoelvalledeaguascalientes.online\/?p=56500","title":{"rendered":"Laura Ponce va por un transporte p\u00fablico digno y eficiente"},"content":{"rendered":"<p>#informativoelvalledeaguascalientes<\/p>\n<p>#novaradioaguascalientes<\/p>\n<p>#informativoelvalledeaguascalientesll<\/p>\n<p>\u2022 Hizo recorrido vecinal en La Rinconada y zona centro<br \/>\n\u2022 Platic\u00f3 con empleados del sector privado de Jes\u00fas Mar\u00eda<br \/>\n\u2022 Particip\u00f3 en crucero junto con C\u00e9sar Medina<br \/>\n\u2022 Se reuni\u00f3 con vecinos de Belmondo<\/p>\n<p>La candidata a diputada local comparti\u00f3 su propuesta fortalecer desde el Congreso del Estado, la movilidad en Aguascalientes y en Jes\u00fas Mar\u00eda. \u201cSabemos que Jes\u00fas Mar\u00eda est\u00e1 creciendo mucho, y por esto, necesitamos que las rutas lleguen m\u00e1s lejos. Tambi\u00e9n impulsar\u00e9 que las unidades sean incluyentes con adultos mayores y personas con discapacidad\u201d, expres\u00f3 Laura Ponce con las y los vecinos que le abri\u00e1n la puerta.<\/p>\n<p>Tambi\u00e9n visit\u00f3 a empleados del sector privado, platicando acerca de su trayectoria y su experiencia como trabajadora de diversas f\u00e1bricas.<\/p>\n<p>Despu\u00e9s, junto con C\u00e9sar Medina, compartieron sus propuestas con automovilistas que circulaban por Paseos de los Chicahuales, en la entrada de Jes\u00fas Mar\u00eda. Estuvieron acompa\u00f1ados por militantes, simpatizantes y p\u00fablico en general, quienes los arroparon con gran entusiasmo.<\/p>\n<p>Finaliz\u00f3 el d\u00eda dialogando con habitantes del fraccionamiento Belmondo, en donde present\u00f3 sus propuestas para fortalecer la comunicaci\u00f3n y el trabajo conjunto entre gobierno, y las mesas directivas vecinales.<\/p>\n","protected":false},"excerpt":{"rendered":"<p>#informativoelvalledeaguascalientes #novaradioaguascalientes #informativoelvalledeaguascalientesll \u2022 Hizo recorrido vecinal en La Rinconada y zona centro \u2022 Platic\u00f3 con empleados del sector privado de Jes\u00fas Mar\u00eda \u2022 Particip\u00f3 en crucero junto con C\u00e9sar Medina \u2022 Se reuni\u00f3 con vecinos de Belmondo La candidata a diputada local comparti\u00f3 su propuesta fortalecer desde el Congreso del Estado, la movilidad en [&hellip;]<\/p>\n","protected":false},"author":1,"featured_media":56501,"comment_status":"closed","ping_status":"open","sticky":false,"template":"","format":"standard","meta":{"advanced_seo_description":"","jetpack_seo_html_title":"","jetpack_seo_noindex":false,"_jetpack_memberships_contains_paid_content":false,"footnotes":"","jetpack_publicize_message":"","jetpack_publicize_feature_enabled":true,"jetpack_social_post_already_shared":true,"jetpack_social_options":{"image_generator_settings":{"template":"highway","default_image_id":0,"font":"","enabled":false},"version":2}},"categories":[21,762,7],"tags":[22,764,763,665],"class_list":["post-56500","post","type-post","status-publish","format-standard","has-post-thumbnail","hentry","category-aguascalientes","category-elecciones-2024","category-pan-aguascalientes","tag-aguascalientes","tag-elecciones-2024","tag-laura-ponce","tag-pan"],"jetpack_publicize_connections":[],"jetpack_featured_media_url":"https:\/\/i0.wp.com\/informativoelvalledeaguascalientes.online\/wp-content\/uploads\/2024\/05\/WhatsApp-Image-2024-05-19-at-14.31.06-scaled.jpeg?fit=2560%2C1920&ssl=1","jetpack-related-posts":[],"jetpack_sharing_enabled":true,"jetpack_likes_enabled":true,"_links":{"self":[{"href":"https:\/\/informativoelvalledeaguascalientes.online\/index.php?rest_route=\/wp\/v2\/posts\/56500","targetHints":{"allow":["GET"]}}],"collection":[{"href":"https:\/\/informativoelvalledeaguascalientes.online\/index.php?rest_route=\/wp\/v2\/posts"}],"about":[{"href":"https:\/\/informativoelvalledeaguascalientes.online\/index.php?rest_route=\/wp\/v2\/types\/post"}],"author":[{"embeddable":true,"href":"https:\/\/informativoelvalledeaguascalientes.online\/index.php?rest_route=\/wp\/v2\/users\/1"}],"replies":[{"embeddable":true,"href":"https:\/\/informativoelvalledeaguascalientes.online\/index.php?rest_route=%2Fwp%2Fv2%2Fcomments&post=56500"}],"version-history":[{"count":2,"href":"https:\/\/informativoelvalledeaguascalientes.online\/index.php?rest_route=\/wp\/v2\/posts\/56500\/revisions"}],"predecessor-version":[{"id":56503,"href":"https:\/\/informativoelvalledeaguascalientes.online\/index.php?rest_route=\/wp\/v2\/posts\/56500\/revisions\/56503"}],"wp:featuredmedia":[{"embeddable":true,"href":"https:\/\/informativoelvalledeaguascalientes.online\/index.php?rest_route=\/wp\/v2\/media\/56501"}],"wp:attachment":[{"href":"https:\/\/informativoelvalledeaguascalientes.online\/index.php?rest_route=%2Fwp%2Fv2%2Fmedia&parent=56500"}],"wp:term":[{"taxonomy":"category","embeddable":true,"href":"https:\/\/informativoelvalledeaguascalientes.online\/index.php?rest_route=%2Fwp%2Fv2%2Fcategories&post=56500"},{"taxonomy":"post_tag","embeddable":true,"href":"https:\/\/informativoelvalledeaguascalientes.online\/index.php?rest_route=%2Fwp%2Fv2%2Ftags&post=56500"}],"curies":[{"name":"wp","href":"https:\/\/api.w.org\/{rel}","templated":true}]}}