{"id":56487,"date":"2024-05-17T14:06:08","date_gmt":"2024-05-17T20:06:08","guid":{"rendered":"https:\/\/informativoelvalledeaguascalientes.online\/?p=56487"},"modified":"2024-05-19T14:12:47","modified_gmt":"2024-05-19T20:12:47","slug":"ecuestre-villa-asuncion-te-invita-a-ser-testigo-de-una-experiencia-extraordinaria-en-el-torneo-de-la-caballeria-%f0%9f%8f%86","status":"publish","type":"post","link":"https:\/\/informativoelvalledeaguascalientes.online\/?p=56487","title":{"rendered":"\u00a1ECUESTRE VILLA ASUNCI\u00d3N TE INVITA A SER TESTIGO DE UNA EXPERIENCIA EXTRAORDINARIA EN EL TORNEO DE LA CABALLER\u00cdA! \ud83c\udfc6"},"content":{"rendered":"<p>#informativoelvalledeaguascalientes<\/p>\n<p>#novaradioaguascalientes<\/p>\n<p>#informativoelvalledeaguascalientesll<\/p>\n<p>#ElGiganteDeMexico<\/p>\n<p>Este emocionante evento reunir\u00e1 a talentosos jinetes de Aguascalientes y diversas regiones de M\u00e9xico para participar en una jornada repleta de destreza y gracia ecuestre.<\/p>\n<p>Adem\u00e1s de la competencia, te esperan nuestros expositores y un ambiente \u00fanico impregnado de fervor por la equitaci\u00f3n. \ud83c\udfc7\ud83c\udffd\ud83c\udf89<\/p>\n<p>\ud83d\udcc5 Fecha: 25 y 26 de Mayo<br \/>\n\ud83d\udd52 Hora: 08:00a.m.<br \/>\n\ud83d\udccd Lugar: https:\/\/maps.app.goo.gl\/WNtVJhYTEM22oK2Y8<\/p>\n<p>\u00a1Ven y disfruta de un d\u00eda inolvidable lleno de caballos, competencia y sorpresas en el Torneo de la Caballer\u00eda organizado por Ecuestre Villa Asunci\u00f3n! \u2728<\/p>\n<p>\ud83d\udcf2 https:\/\/wa.link\/u5xpnb<br \/>\n\ud83d\udcde 449 894 47 83 \/ 449 113 59 49<br \/>\n\ud83d\udce9 e.v.a.capy2012@gmail.com<\/p>\n","protected":false},"excerpt":{"rendered":"<p>#informativoelvalledeaguascalientes #novaradioaguascalientes #informativoelvalledeaguascalientesll #ElGiganteDeMexico Este emocionante evento reunir\u00e1 a talentosos jinetes de Aguascalientes y diversas regiones de M\u00e9xico para participar en una jornada repleta de destreza y gracia ecuestre. Adem\u00e1s de la competencia, te esperan nuestros expositores y un ambiente \u00fanico impregnado de fervor por la equitaci\u00f3n. \ud83c\udfc7\ud83c\udffd\ud83c\udf89 \ud83d\udcc5 Fecha: 25 y 26 de Mayo [&hellip;]<\/p>\n","protected":false},"author":1,"featured_media":56488,"comment_status":"closed","ping_status":"open","sticky":false,"template":"","format":"standard","meta":{"advanced_seo_description":"","jetpack_seo_html_title":"","jetpack_seo_noindex":false,"_jetpack_memberships_contains_paid_content":false,"footnotes":"","jetpack_publicize_message":"","jetpack_publicize_feature_enabled":true,"jetpack_social_post_already_shared":true,"jetpack_social_options":{"image_generator_settings":{"template":"highway","default_image_id":0,"font":"","enabled":false},"version":2}},"categories":[21,4],"tags":[22,615,34],"class_list":["post-56487","post","type-post","status-publish","format-standard","has-post-thumbnail","hentry","category-aguascalientes","category-gobierno-del-estado-aguascalientes","tag-aguascalientes","tag-gobierno-del-estado-de-aguascalientes","tag-sectur"],"jetpack_publicize_connections":[],"jetpack_featured_media_url":"https:\/\/i0.wp.com\/informativoelvalledeaguascalientes.online\/wp-content\/uploads\/2024\/05\/WhatsApp-Image-2024-05-17-at-17.12.13.jpeg?fit=1200%2C1200&ssl=1","jetpack-related-posts":[],"jetpack_sharing_enabled":true,"jetpack_likes_enabled":true,"_links":{"self":[{"href":"https:\/\/informativoelvalledeaguascalientes.online\/index.php?rest_route=\/wp\/v2\/posts\/56487","targetHints":{"allow":["GET"]}}],"collection":[{"href":"https:\/\/informativoelvalledeaguascalientes.online\/index.php?rest_route=\/wp\/v2\/posts"}],"about":[{"href":"https:\/\/informativoelvalledeaguascalientes.online\/index.php?rest_route=\/wp\/v2\/types\/post"}],"author":[{"embeddable":true,"href":"https:\/\/informativoelvalledeaguascalientes.online\/index.php?rest_route=\/wp\/v2\/users\/1"}],"replies":[{"embeddable":true,"href":"https:\/\/informativoelvalledeaguascalientes.online\/index.php?rest_route=%2Fwp%2Fv2%2Fcomments&post=56487"}],"version-history":[{"count":1,"href":"https:\/\/informativoelvalledeaguascalientes.online\/index.php?rest_route=\/wp\/v2\/posts\/56487\/revisions"}],"predecessor-version":[{"id":56489,"href":"https:\/\/informativoelvalledeaguascalientes.online\/index.php?rest_route=\/wp\/v2\/posts\/56487\/revisions\/56489"}],"wp:featuredmedia":[{"embeddable":true,"href":"https:\/\/informativoelvalledeaguascalientes.online\/index.php?rest_route=\/wp\/v2\/media\/56488"}],"wp:attachment":[{"href":"https:\/\/informativoelvalledeaguascalientes.online\/index.php?rest_route=%2Fwp%2Fv2%2Fmedia&parent=56487"}],"wp:term":[{"taxonomy":"category","embeddable":true,"href":"https:\/\/informativoelvalledeaguascalientes.online\/index.php?rest_route=%2Fwp%2Fv2%2Fcategories&post=56487"},{"taxonomy":"post_tag","embeddable":true,"href":"https:\/\/informativoelvalledeaguascalientes.online\/index.php?rest_route=%2Fwp%2Fv2%2Ftags&post=56487"}],"curies":[{"name":"wp","href":"https:\/\/api.w.org\/{rel}","templated":true}]}}