{"id":56481,"date":"2024-05-18T13:47:21","date_gmt":"2024-05-18T19:47:21","guid":{"rendered":"https:\/\/informativoelvalledeaguascalientes.online\/?p=56481"},"modified":"2024-05-19T13:50:30","modified_gmt":"2024-05-19T19:50:30","slug":"voy-a-fortalecer-los-servicios-publicos-cesar-medina","status":"publish","type":"post","link":"https:\/\/informativoelvalledeaguascalientes.online\/?p=56481","title":{"rendered":"VOY A FORTALECER LOS SERVICIOS P\u00daBLICOS: C\u00c9SAR MEDINA"},"content":{"rendered":"<p>#informativoelvalledeaguascalientes<\/p>\n<p>#novaradioaguascalientes<\/p>\n<p>#informativoelvalledeaguascalientesll<\/p>\n<p>Tras los recorridos que el candidato a la Presidencia Municipal de Jes\u00fas Mar\u00eda por la Coalici\u00f3n Fuerza y Coraz\u00f3n por Aguascalientes, C\u00e9sar Medina, ha realizado en todo el territorio municipal, asegur\u00f3 que su gobierno ser\u00e1 sensible a las necesidades de la poblaci\u00f3n, por ello, entre sus prioridades estar\u00e1 fortalecer el \u00e1rea de Servicios P\u00fablicos.<\/p>\n<p>A solo 15 d\u00edas de que se lleve a cabo la elecci\u00f3n m\u00e1s importante del pa\u00eds, Medina Cervantes sostuvo que ha recibido el respaldo de los jesusmarienses, quienes tambi\u00e9n le han expresado sus necesidades y demandas, por lo que indic\u00f3 de manera rotunda, que se encuentra listo para llegar a la alcald\u00eda de esta demarcaci\u00f3n, y continuar con el buen trabajo que han realizado a lo largo de 10 a\u00f1os, los gobiernos emanados del PAN, mismos que han llevado a Jes\u00fas Mar\u00eda a ser un lugar que muchos ciudadanos eligen para vivir y en el que muchas empresas han decidido establecerse.<\/p>\n<p>Durante una serie de encuentros que sostuvo con habitantes de San Miguelito, Belmondo y fraccionamientos ubicados en Arroyo del Molino, el abanderado del PAN, PRI y PRD; sostuvo que &#8220;quiero ser presidente municipal porque conozco el municipio y me gusta el servicio p\u00fablico, por eso estoy haciendo muchas propuestas viables, una de ellas es fortalecer el \u00e1rea de servicios p\u00fablicos para ofrecer a la ciudadan\u00eda atenci\u00f3n con calidad y calidez. Quiero que Jes\u00fas Mar\u00eda destaque a\u00fan m\u00e1s por la calidad de sus servicios, por la atenci\u00f3n oportuna, as\u00ed como por la calidad en el trato de cada servidor p\u00fablico&#8221;, apunt\u00f3.<\/p>\n<p>De igual forma se\u00f1al\u00f3 que su campa\u00f1a se basa en propuestas enfocadas a la prevenci\u00f3n del delito, por ello durante su gobierno va a construir m\u00e1s parques y espacios p\u00fablicos bien iluminados y seguros, &#8220;tambi\u00e9n me ocupar\u00e9 de dar mantenimiento a las vialidades, por las noches y en las madrugadas. Quiero decirles que gracias a los gobiernos de continuidad, han mejorado las condiciones de las colonias y comunidades, y yo voy a hacer que ese ritmo se mantenga&#8221;, declar\u00f3.<\/p>\n<p>De igual forma, C\u00e9sar Medina afirm\u00f3 de manera tajante, que trabajar\u00e1 de la mano con cada colonia, fraccionamiento o comunidad, asever\u00f3 que pondr\u00e1 todo su empe\u00f1o y dedicaci\u00f3n para llevar proyectos a la federaci\u00f3n para traer m\u00e1s obras en beneficio de los jesusmarienses<\/p>\n<p>Y agreg\u00f3: &#8220;les voy a dejar una tarea a los ni\u00f1os, que el 2 de junio levanten temprano a sus pap\u00e1s y a todos los adultos de su casa, y que les recuerden que tienen que ir a votar por las candidatas y los candidatos del PAN y de la Coalici\u00f3n, espero contar con su confianza&#8221; finaliz\u00f3.<\/p>\n","protected":false},"excerpt":{"rendered":"<p>#informativoelvalledeaguascalientes #novaradioaguascalientes #informativoelvalledeaguascalientesll Tras los recorridos que el candidato a la Presidencia Municipal de Jes\u00fas Mar\u00eda por la Coalici\u00f3n Fuerza y Coraz\u00f3n por Aguascalientes, C\u00e9sar Medina, ha realizado en todo el territorio municipal, asegur\u00f3 que su gobierno ser\u00e1 sensible a las necesidades de la poblaci\u00f3n, por ello, entre sus prioridades estar\u00e1 fortalecer el \u00e1rea de [&hellip;]<\/p>\n","protected":false},"author":1,"featured_media":56482,"comment_status":"closed","ping_status":"open","sticky":false,"template":"","format":"standard","meta":{"advanced_seo_description":"","jetpack_seo_html_title":"","jetpack_seo_noindex":false,"_jetpack_memberships_contains_paid_content":false,"footnotes":"","jetpack_publicize_message":"","jetpack_publicize_feature_enabled":true,"jetpack_social_post_already_shared":true,"jetpack_social_options":{"image_generator_settings":{"template":"highway","default_image_id":0,"font":"","enabled":false},"version":2}},"categories":[21,762,7],"tags":[22,765,764,665],"class_list":["post-56481","post","type-post","status-publish","format-standard","has-post-thumbnail","hentry","category-aguascalientes","category-elecciones-2024","category-pan-aguascalientes","tag-aguascalientes","tag-cesar-medina","tag-elecciones-2024","tag-pan"],"jetpack_publicize_connections":[],"jetpack_featured_media_url":"https:\/\/i0.wp.com\/informativoelvalledeaguascalientes.online\/wp-content\/uploads\/2024\/05\/WhatsApp-Image-2024-05-18-at-13.53.41-scaled.jpeg?fit=2560%2C1698&ssl=1","jetpack-related-posts":[],"jetpack_sharing_enabled":true,"jetpack_likes_enabled":true,"_links":{"self":[{"href":"https:\/\/informativoelvalledeaguascalientes.online\/index.php?rest_route=\/wp\/v2\/posts\/56481","targetHints":{"allow":["GET"]}}],"collection":[{"href":"https:\/\/informativoelvalledeaguascalientes.online\/index.php?rest_route=\/wp\/v2\/posts"}],"about":[{"href":"https:\/\/informativoelvalledeaguascalientes.online\/index.php?rest_route=\/wp\/v2\/types\/post"}],"author":[{"embeddable":true,"href":"https:\/\/informativoelvalledeaguascalientes.online\/index.php?rest_route=\/wp\/v2\/users\/1"}],"replies":[{"embeddable":true,"href":"https:\/\/informativoelvalledeaguascalientes.online\/index.php?rest_route=%2Fwp%2Fv2%2Fcomments&post=56481"}],"version-history":[{"count":1,"href":"https:\/\/informativoelvalledeaguascalientes.online\/index.php?rest_route=\/wp\/v2\/posts\/56481\/revisions"}],"predecessor-version":[{"id":56483,"href":"https:\/\/informativoelvalledeaguascalientes.online\/index.php?rest_route=\/wp\/v2\/posts\/56481\/revisions\/56483"}],"wp:featuredmedia":[{"embeddable":true,"href":"https:\/\/informativoelvalledeaguascalientes.online\/index.php?rest_route=\/wp\/v2\/media\/56482"}],"wp:attachment":[{"href":"https:\/\/informativoelvalledeaguascalientes.online\/index.php?rest_route=%2Fwp%2Fv2%2Fmedia&parent=56481"}],"wp:term":[{"taxonomy":"category","embeddable":true,"href":"https:\/\/informativoelvalledeaguascalientes.online\/index.php?rest_route=%2Fwp%2Fv2%2Fcategories&post=56481"},{"taxonomy":"post_tag","embeddable":true,"href":"https:\/\/informativoelvalledeaguascalientes.online\/index.php?rest_route=%2Fwp%2Fv2%2Ftags&post=56481"}],"curies":[{"name":"wp","href":"https:\/\/api.w.org\/{rel}","templated":true}]}}