{"id":56478,"date":"2024-05-17T13:41:28","date_gmt":"2024-05-17T19:41:28","guid":{"rendered":"https:\/\/informativoelvalledeaguascalientes.online\/?p=56478"},"modified":"2024-05-19T13:45:28","modified_gmt":"2024-05-19T19:45:28","slug":"promete-cesar-medina-un-gobierno-de-puertas-abiertas-a-la-ip","status":"publish","type":"post","link":"https:\/\/informativoelvalledeaguascalientes.online\/?p=56478","title":{"rendered":"PROMETE CESAR MEDINA UN GOBIERNO DE PUERTAS ABIERTAS A LA IP"},"content":{"rendered":"<p>#informativoelvalledeaguascalientes<\/p>\n<p>#novaradioaguascalientes<\/p>\n<p>#informativoelvalledeaguascalientesll<\/p>\n<p>El candidato a la presidencia municipal de Jes\u00fas Mar\u00eda, por la Alianza Fuerza y Coraz\u00f3n por Aguascalientes, Cesar Medina Cervantes se reuni\u00f3 con empresarios de diversos sectores, con quienes refrend\u00f3 su compromiso de establecer un gobierno de puertas abiertas e impulsar un entorno favorable para el desarrollo econ\u00f3mico del municipio.<\/p>\n<p>En la reuni\u00f3n, Cesar Medina indic\u00f3 que su gobierno ser\u00e1 cercano al sector empresarial \u201cvamos a trabajar juntos para fortalecer la econom\u00eda de Jes\u00fas Mar\u00eda, las puertas del gobierno estar\u00e1n siempre abiertas para escuchar, apoyar y facilitar el crecimiento del sector privado,\u201d declar\u00f3.<\/p>\n<p>Agreg\u00f3 que Jes\u00fas Mar\u00eda ha crecido a pasos agigantados y contin\u00faa en constante movimiento, por lo que desde su gobierno va a trabajar para crear un entorno favorable para los negocios y eliminar los obst\u00e1culos que dificulten la creaci\u00f3n de empleos con lo que mejorar\u00e1 la calidad de vida de los jesusmarienses, no solo en cuesti\u00f3n econ\u00f3mica, sino de una manera integral, por lo que propone tambi\u00e9n la creaci\u00f3n de m\u00e1s espacios p\u00fablicos y el impulso al deporte.<\/p>\n<p>En este sentido, present\u00f3 tambi\u00e9n sus propuestas en materia de deporte, desarrollo social, entre otras. \u201cSe trata de ampliar la gama de oportunidades para todas las familias de Jes\u00fas Mar\u00eda, sin dejar de lado el tema de seguridad p\u00fablica, dijo que velar\u00e1 por el patrimonio de todas y todos\u201d.<\/p>\n","protected":false},"excerpt":{"rendered":"<p>#informativoelvalledeaguascalientes #novaradioaguascalientes #informativoelvalledeaguascalientesll El candidato a la presidencia municipal de Jes\u00fas Mar\u00eda, por la Alianza Fuerza y Coraz\u00f3n por Aguascalientes, Cesar Medina Cervantes se reuni\u00f3 con empresarios de diversos sectores, con quienes refrend\u00f3 su compromiso de establecer un gobierno de puertas abiertas e impulsar un entorno favorable para el desarrollo econ\u00f3mico del municipio. En la [&hellip;]<\/p>\n","protected":false},"author":1,"featured_media":56479,"comment_status":"closed","ping_status":"open","sticky":false,"template":"","format":"standard","meta":{"advanced_seo_description":"","jetpack_seo_html_title":"","jetpack_seo_noindex":false,"_jetpack_memberships_contains_paid_content":false,"footnotes":"","jetpack_publicize_message":"","jetpack_publicize_feature_enabled":true,"jetpack_social_post_already_shared":true,"jetpack_social_options":{"image_generator_settings":{"template":"highway","default_image_id":0,"font":"","enabled":false},"version":2}},"categories":[21,762,7],"tags":[22,765,764,665],"class_list":["post-56478","post","type-post","status-publish","format-standard","has-post-thumbnail","hentry","category-aguascalientes","category-elecciones-2024","category-pan-aguascalientes","tag-aguascalientes","tag-cesar-medina","tag-elecciones-2024","tag-pan"],"jetpack_publicize_connections":[],"jetpack_featured_media_url":"https:\/\/i0.wp.com\/informativoelvalledeaguascalientes.online\/wp-content\/uploads\/2024\/05\/WhatsApp-Image-2024-05-17-at-18.08.56.jpeg?fit=1600%2C1066&ssl=1","jetpack-related-posts":[],"jetpack_sharing_enabled":true,"jetpack_likes_enabled":true,"_links":{"self":[{"href":"https:\/\/informativoelvalledeaguascalientes.online\/index.php?rest_route=\/wp\/v2\/posts\/56478","targetHints":{"allow":["GET"]}}],"collection":[{"href":"https:\/\/informativoelvalledeaguascalientes.online\/index.php?rest_route=\/wp\/v2\/posts"}],"about":[{"href":"https:\/\/informativoelvalledeaguascalientes.online\/index.php?rest_route=\/wp\/v2\/types\/post"}],"author":[{"embeddable":true,"href":"https:\/\/informativoelvalledeaguascalientes.online\/index.php?rest_route=\/wp\/v2\/users\/1"}],"replies":[{"embeddable":true,"href":"https:\/\/informativoelvalledeaguascalientes.online\/index.php?rest_route=%2Fwp%2Fv2%2Fcomments&post=56478"}],"version-history":[{"count":1,"href":"https:\/\/informativoelvalledeaguascalientes.online\/index.php?rest_route=\/wp\/v2\/posts\/56478\/revisions"}],"predecessor-version":[{"id":56480,"href":"https:\/\/informativoelvalledeaguascalientes.online\/index.php?rest_route=\/wp\/v2\/posts\/56478\/revisions\/56480"}],"wp:featuredmedia":[{"embeddable":true,"href":"https:\/\/informativoelvalledeaguascalientes.online\/index.php?rest_route=\/wp\/v2\/media\/56479"}],"wp:attachment":[{"href":"https:\/\/informativoelvalledeaguascalientes.online\/index.php?rest_route=%2Fwp%2Fv2%2Fmedia&parent=56478"}],"wp:term":[{"taxonomy":"category","embeddable":true,"href":"https:\/\/informativoelvalledeaguascalientes.online\/index.php?rest_route=%2Fwp%2Fv2%2Fcategories&post=56478"},{"taxonomy":"post_tag","embeddable":true,"href":"https:\/\/informativoelvalledeaguascalientes.online\/index.php?rest_route=%2Fwp%2Fv2%2Ftags&post=56478"}],"curies":[{"name":"wp","href":"https:\/\/api.w.org\/{rel}","templated":true}]}}