{"id":56469,"date":"2024-05-19T13:32:17","date_gmt":"2024-05-19T19:32:17","guid":{"rendered":"https:\/\/informativoelvalledeaguascalientes.online\/?p=56469"},"modified":"2024-05-19T13:32:17","modified_gmt":"2024-05-19T19:32:17","slug":"acuerdo-para-el-desarrollo-sostenible-en-aguascalientes","status":"publish","type":"post","link":"https:\/\/informativoelvalledeaguascalientes.online\/?p=56469","title":{"rendered":"ACUERDO PARA EL DESARROLLO SOSTENIBLE EN AGUASCALIENTES"},"content":{"rendered":"<p>#informativoelvalledeaguascalientes<\/p>\n<p>#novaradioaguascalientes<\/p>\n<p>#informativoelvalledeaguascalientesll<\/p>\n<p>#ElGiganteDeMexico<\/p>\n<div class=\"siSdJK4 comp-l7sh9ubx\" data-hook=\"ricosviewer-wrapper\">\n<div class=\"U4I07\" dir=\"ltr\" data-id=\"content-viewer\">\n<div class=\"hl-xW\">\n<div>\n<ul class=\"xErDo AnCKd\">\n<li class=\"_04hd2 vVfzz\" dir=\"auto\">\n<div>\n<p id=\"viewer-oph3j531\" class=\"-Zro6 -ZADH vVfzz AnCKd _57WYp\"><span class=\"d0767 vVfzz\"><strong><em>El Gobierno del Estado firm\u00f3 un convenio con el Centro Internacional de Excelencia para la Administraci\u00f3n Sostenible de Recursos\u00a0<\/em><\/strong><\/span><\/p>\n<\/div>\n<\/li>\n<\/ul>\n<ul class=\"xErDo AnCKd\">\n<li class=\"_04hd2 vVfzz\" dir=\"auto\">\n<div>\n<p id=\"viewer-0f5vq534\" class=\"-Zro6 -ZADH vVfzz AnCKd _57WYp\"><span class=\"d0767 vVfzz\"><strong><em>Uso responsable del agua y la energ\u00eda como impulsores del crecimiento econ\u00f3mico<\/em><\/strong><\/span><\/p>\n<\/div>\n<\/li>\n<\/ul>\n<div id=\"viewer-jtiqq536\" class=\"-Zro6 -ZADH IjV6v _57WYp\"><span class=\"d0767\">\u00a0<\/span><\/div>\n<p id=\"viewer-9ey9a537\" class=\"-Zro6 -ZADH vVfzz AnCKd _57WYp\"><span class=\"d0767 vVfzz\">El Gobierno del Estado informa que se firm\u00f3 un convenio de colaboraci\u00f3n con el Centro Internacional de Excelencia para la Administraci\u00f3n Sostenible de Recursos en M\u00e9xico y Am\u00e9rica Latina (ICE-SRM), iniciativa de la Comisi\u00f3n Econ\u00f3mica para Europa de las Naciones Unidas, que tiene como prop\u00f3sito dise\u00f1ar pol\u00edticas p\u00fablicas que contribuyan a la adopci\u00f3n de los m\u00e1s altos est\u00e1ndares internacionales en el sector energ\u00e9tico.<\/span><\/p>\n<div id=\"viewer-qttwg539\" class=\"-Zro6 -ZADH IjV6v _57WYp\"><span class=\"d0767\">\u00a0<\/span><\/div>\n<p id=\"viewer-6gdr2540\" class=\"-Zro6 -ZADH vVfzz AnCKd _57WYp\"><span class=\"d0767 vVfzz\">Al tener como marco la sede central de las Naciones Unidas, el titular de la Secretar\u00eda de Desarrollo Econ\u00f3mico, Ciencia y Tecnolog\u00eda (Sedecyt), Esa\u00fa Garza de Vega, ratific\u00f3 el compromiso de la administraci\u00f3n estatal por impulsar proyectos orientados al uso responsable del agua y la energ\u00eda, as\u00ed como al cumplimiento de los Objetivos de Desarrollo Sostenible (ODS) de la Agenda 2030 de la ONU.<\/span><\/p>\n<div id=\"viewer-f5ih8542\" class=\"-Zro6 -ZADH IjV6v _57WYp\"><span class=\"d0767\">\u00a0<\/span><\/div>\n<p id=\"viewer-1c2m2543\" class=\"-Zro6 -ZADH vVfzz AnCKd _57WYp\"><span class=\"d0767 vVfzz\">Este acuerdo refuerza el trabajo que realiza el Gobierno del Estado para mejorar la gesti\u00f3n de los recursos naturales, la protecci\u00f3n del medio ambiente y la preservaci\u00f3n del equilibrio ecol\u00f3gico, de tal manera que esto permita a Aguascalientes seguir siendo un polo atractivo para el establecimiento y crecimiento de las inversiones.<\/span><\/p>\n<div id=\"viewer-3zsds545\" class=\"-Zro6 -ZADH IjV6v _57WYp\"><span class=\"d0767\">\u00a0<\/span><\/div>\n<p id=\"viewer-bsrud546\" class=\"-Zro6 -ZADH vVfzz AnCKd _57WYp\"><span class=\"d0767 vVfzz\">Cabe destacar que Aguascalientes es la quinta entidad del pa\u00eds que establece dicha alianza, mediante la cual se desarrollar\u00e1n acciones de vinculaci\u00f3n con universidades, empresas, organizaciones p\u00fablicas y privadas, c\u00e1maras, asociaciones, entre otras instancias, relacionadas con la sostenibilidad e impulso del crecimiento econ\u00f3mico del estado.<\/span><\/p>\n<\/div>\n<\/div>\n<\/div>\n<\/div>\n","protected":false},"excerpt":{"rendered":"<p>#informativoelvalledeaguascalientes #novaradioaguascalientes #informativoelvalledeaguascalientesll #ElGiganteDeMexico El Gobierno del Estado firm\u00f3 un convenio con el Centro Internacional de Excelencia para la Administraci\u00f3n Sostenible de Recursos\u00a0 Uso responsable del agua y la energ\u00eda como impulsores del crecimiento econ\u00f3mico \u00a0 El Gobierno del Estado informa que se firm\u00f3 un convenio de colaboraci\u00f3n con el Centro Internacional de Excelencia para [&hellip;]<\/p>\n","protected":false},"author":1,"featured_media":56470,"comment_status":"closed","ping_status":"open","sticky":false,"template":"","format":"standard","meta":{"advanced_seo_description":"","jetpack_seo_html_title":"","jetpack_seo_noindex":false,"_jetpack_memberships_contains_paid_content":false,"footnotes":"","jetpack_publicize_message":"","jetpack_publicize_feature_enabled":true,"jetpack_social_post_already_shared":true,"jetpack_social_options":{"image_generator_settings":{"template":"highway","default_image_id":0,"font":"","enabled":false},"version":2}},"categories":[21,4],"tags":[22,615],"class_list":["post-56469","post","type-post","status-publish","format-standard","has-post-thumbnail","hentry","category-aguascalientes","category-gobierno-del-estado-aguascalientes","tag-aguascalientes","tag-gobierno-del-estado-de-aguascalientes"],"jetpack_publicize_connections":[],"jetpack_featured_media_url":"https:\/\/i0.wp.com\/informativoelvalledeaguascalientes.online\/wp-content\/uploads\/2024\/05\/WhatsApp-Image-2024-05-19-at-11.12.04-AM-1.jpeg?fit=1200%2C1600&ssl=1","jetpack-related-posts":[],"jetpack_sharing_enabled":true,"jetpack_likes_enabled":true,"_links":{"self":[{"href":"https:\/\/informativoelvalledeaguascalientes.online\/index.php?rest_route=\/wp\/v2\/posts\/56469","targetHints":{"allow":["GET"]}}],"collection":[{"href":"https:\/\/informativoelvalledeaguascalientes.online\/index.php?rest_route=\/wp\/v2\/posts"}],"about":[{"href":"https:\/\/informativoelvalledeaguascalientes.online\/index.php?rest_route=\/wp\/v2\/types\/post"}],"author":[{"embeddable":true,"href":"https:\/\/informativoelvalledeaguascalientes.online\/index.php?rest_route=\/wp\/v2\/users\/1"}],"replies":[{"embeddable":true,"href":"https:\/\/informativoelvalledeaguascalientes.online\/index.php?rest_route=%2Fwp%2Fv2%2Fcomments&post=56469"}],"version-history":[{"count":1,"href":"https:\/\/informativoelvalledeaguascalientes.online\/index.php?rest_route=\/wp\/v2\/posts\/56469\/revisions"}],"predecessor-version":[{"id":56471,"href":"https:\/\/informativoelvalledeaguascalientes.online\/index.php?rest_route=\/wp\/v2\/posts\/56469\/revisions\/56471"}],"wp:featuredmedia":[{"embeddable":true,"href":"https:\/\/informativoelvalledeaguascalientes.online\/index.php?rest_route=\/wp\/v2\/media\/56470"}],"wp:attachment":[{"href":"https:\/\/informativoelvalledeaguascalientes.online\/index.php?rest_route=%2Fwp%2Fv2%2Fmedia&parent=56469"}],"wp:term":[{"taxonomy":"category","embeddable":true,"href":"https:\/\/informativoelvalledeaguascalientes.online\/index.php?rest_route=%2Fwp%2Fv2%2Fcategories&post=56469"},{"taxonomy":"post_tag","embeddable":true,"href":"https:\/\/informativoelvalledeaguascalientes.online\/index.php?rest_route=%2Fwp%2Fv2%2Ftags&post=56469"}],"curies":[{"name":"wp","href":"https:\/\/api.w.org\/{rel}","templated":true}]}}