{"id":56457,"date":"2024-05-18T13:17:01","date_gmt":"2024-05-18T19:17:01","guid":{"rendered":"https:\/\/informativoelvalledeaguascalientes.online\/?p=56457"},"modified":"2024-05-19T13:21:12","modified_gmt":"2024-05-19T19:21:12","slug":"inicia-operaciones-la-policia-metropolitana-su-esquema-sera-de-proximidad-social","status":"publish","type":"post","link":"https:\/\/informativoelvalledeaguascalientes.online\/?p=56457","title":{"rendered":"INICIA OPERACIONES LA POLIC\u00cdA METROPOLITANA; SU ESQUEMA SER\u00c1 DE PROXIMIDAD SOCIAL"},"content":{"rendered":"<p>#informativoelvalledeaguascalientes<\/p>\n<p>#novaradioaguascalientes<\/p>\n<p>#informativoelvalledeaguascalientesll<\/p>\n<p>#ElGiganteDeMexico<\/p>\n<ul class=\"xErDo AnCKd\">\n<li class=\"_04hd2 vVfzz\" dir=\"auto\">\n<div>\n<p id=\"viewer-foo\" class=\"-Zro6 -ZADH vVfzz AnCKd _57WYp\"><span class=\"d0767 vVfzz\"><strong><em>Supervisa Tere Jim\u00e9nez la comisar\u00eda que se ubica en el fraccionamiento La Ribera de San Francisco de los Romo<\/em><\/strong><\/span><\/p>\n<div id=\"viewer-lk9sn420\" class=\"-Zro6 -ZADH vVfzz _57WYp\"><span class=\"d0767 vVfzz\">\u00a0<\/span><\/div>\n<\/div>\n<\/li>\n<li class=\"_04hd2 vVfzz\" dir=\"auto\">\n<div>\n<p id=\"viewer-y7rq9521\" class=\"-Zro6 -ZADH vVfzz AnCKd _57WYp\"><span class=\"d0767 vVfzz\"><strong><em>Reforzar\u00e1 la seguridad en los municipios de San Pancho, Jes\u00fas Mar\u00eda y Aguascalientes<\/em><\/strong><\/span><\/p>\n<\/div>\n<\/li>\n<li class=\"_04hd2 vVfzz\" dir=\"auto\">\n<div>\n<p id=\"viewer-7wnjy363\" class=\"-Zro6 -ZADH vVfzz AnCKd _57WYp\"><span class=\"d0767 vVfzz\"><strong><em>Nuevo grupo policiaco operar\u00e1 en las zonas lim\u00edtrofes y puntos de inter\u00e9s<\/em><\/strong><\/span><\/p>\n<\/div>\n<\/li>\n<\/ul>\n<div id=\"viewer-r428x176\" class=\"-Zro6 -ZADH vVfzz _57WYp\"><span class=\"d0767 vVfzz\">\u00a0<\/span><\/div>\n<p id=\"viewer-8sh8i177\" class=\"-Zro6 -ZADH vVfzz AnCKd _57WYp\"><span class=\"d0767 vVfzz\">La nueva Polic\u00eda Metropolitana, integrada por agentes estatales y municipales, permitir\u00e1 implementar un trabajo coordinado en materia de seguridad en los municipios de San Pancho, Jes\u00fas Mar\u00eda y Aguascalientes, inform\u00f3 la gobernadora Tere Jim\u00e9nez.\u00a0<\/span><\/p>\n<div id=\"viewer-htjmh179\" class=\"-Zro6 -ZADH vVfzz _57WYp\"><span class=\"d0767 vVfzz\">\u00a0<\/span><\/div>\n<p id=\"viewer-lbzwf180\" class=\"-Zro6 -ZADH vVfzz AnCKd _57WYp\"><span class=\"d0767 vVfzz\">Al encabezar la supervisi\u00f3n de la Comisar\u00eda Metropolitana ubicada en el fraccionamiento La Ribera, la gobernadora se\u00f1al\u00f3 que este espacio cuenta con un C2, desde el cual se monitorean las c\u00e1maras de videovigilancia localizadas en las zonas lim\u00edtrofes entre los municipios y otros puntos de inter\u00e9s, que junto con los veh\u00edculos asignados a este agrupamiento, permitir\u00e1n a los polic\u00edas actuar de forma r\u00e1pida ante las situaciones que se presenten.<\/span><\/p>\n<div id=\"viewer-4gvql182\" class=\"-Zro6 -ZADH vVfzz _57WYp\"><span class=\"d0767 vVfzz\">\u00a0<\/span><\/div>\n<p id=\"viewer-exbzz183\" class=\"-Zro6 -ZADH vVfzz AnCKd _57WYp\"><span class=\"d0767 vVfzz\">&#8220;Yo les pido que hagamos equipo, que trabajemos en serio, que lo hagamos por nuestras familias; ya no vivimos en el M\u00e9xico de antes, ustedes deben hacer que la gente se sienta segura&#8221;, se\u00f1al\u00f3 Tere Jim\u00e9nez.<\/span><\/p>\n<div id=\"viewer-sx2ap185\" class=\"-Zro6 -ZADH vVfzz _57WYp\"><span class=\"d0767 vVfzz\">\u00a0<\/span><\/div>\n<p id=\"viewer-77xq3186\" class=\"-Zro6 -ZADH vVfzz AnCKd _57WYp\"><span class=\"d0767 vVfzz\">La nueva Polic\u00eda Metropolitana fomentar\u00e1 una colaboraci\u00f3n activa y continua con la sociedad, con el fin de cultivar un ambiente seguro, pac\u00edfico y propicio para el bienestar com\u00fan en la zona metropolitana.<\/span><\/p>\n<div id=\"viewer-apavi188\" class=\"-Zro6 -ZADH vVfzz _57WYp\"><span class=\"d0767 vVfzz\">\u00a0<\/span><\/div>\n<p id=\"viewer-6k6b4189\" class=\"-Zro6 -ZADH vVfzz AnCKd _57WYp\"><span class=\"d0767 vVfzz\">Manuel Alonso Garc\u00eda, titular de la Secretar\u00eda de Seguridad P\u00fablica Estatal, indic\u00f3 que la Comisar\u00eda Metropolitana cuenta con 70 efectivos asignados, los cuales implementar\u00e1n los operativos de seguridad para las zonas lim\u00edtrofes de los municipios de San Pancho, Jes\u00fas Mar\u00eda y Aguascalientes.<\/span><\/p>\n<div id=\"viewer-ybl1a191\" class=\"-Zro6 -ZADH vVfzz _57WYp\"><span class=\"d0767 vVfzz\">\u00a0<\/span><\/div>\n<p id=\"viewer-n3j8z192\" class=\"-Zro6 -ZADH vVfzz AnCKd _57WYp\"><span class=\"d0767 vVfzz\">Detall\u00f3 que este grupo ser\u00e1 una polic\u00eda de proximidad, que brindar\u00e1 auxilio en cualquier tipo de casos y cuidar\u00e1 la integridad de los aguascalentenses con presencia en las calles y carreteras, as\u00ed como en puntos estrat\u00e9gicos para garantizar la seguridad de las familias del estado.<\/span><\/p>\n","protected":false},"excerpt":{"rendered":"<p>#informativoelvalledeaguascalientes #novaradioaguascalientes #informativoelvalledeaguascalientesll #ElGiganteDeMexico Supervisa Tere Jim\u00e9nez la comisar\u00eda que se ubica en el fraccionamiento La Ribera de San Francisco de los Romo \u00a0 Reforzar\u00e1 la seguridad en los municipios de San Pancho, Jes\u00fas Mar\u00eda y Aguascalientes Nuevo grupo policiaco operar\u00e1 en las zonas lim\u00edtrofes y puntos de inter\u00e9s \u00a0 La nueva Polic\u00eda Metropolitana, integrada [&hellip;]<\/p>\n","protected":false},"author":1,"featured_media":56458,"comment_status":"closed","ping_status":"open","sticky":false,"template":"","format":"standard","meta":{"advanced_seo_description":"","jetpack_seo_html_title":"","jetpack_seo_noindex":false,"_jetpack_memberships_contains_paid_content":false,"footnotes":"","jetpack_publicize_message":"","jetpack_publicize_feature_enabled":true,"jetpack_social_post_already_shared":true,"jetpack_social_options":{"image_generator_settings":{"template":"highway","default_image_id":0,"font":"","enabled":false},"version":2}},"categories":[21,4],"tags":[22,615,153,320],"class_list":["post-56457","post","type-post","status-publish","format-standard","has-post-thumbnail","hentry","category-aguascalientes","category-gobierno-del-estado-aguascalientes","tag-aguascalientes","tag-gobierno-del-estado-de-aguascalientes","tag-sspe","tag-tere-jimenez"],"jetpack_publicize_connections":[],"jetpack_featured_media_url":"https:\/\/i0.wp.com\/informativoelvalledeaguascalientes.online\/wp-content\/uploads\/2024\/05\/WhatsApp-Image-2024-05-18-at-14.23.59-2.jpeg?fit=1080%2C720&ssl=1","jetpack-related-posts":[],"jetpack_sharing_enabled":true,"jetpack_likes_enabled":true,"_links":{"self":[{"href":"https:\/\/informativoelvalledeaguascalientes.online\/index.php?rest_route=\/wp\/v2\/posts\/56457","targetHints":{"allow":["GET"]}}],"collection":[{"href":"https:\/\/informativoelvalledeaguascalientes.online\/index.php?rest_route=\/wp\/v2\/posts"}],"about":[{"href":"https:\/\/informativoelvalledeaguascalientes.online\/index.php?rest_route=\/wp\/v2\/types\/post"}],"author":[{"embeddable":true,"href":"https:\/\/informativoelvalledeaguascalientes.online\/index.php?rest_route=\/wp\/v2\/users\/1"}],"replies":[{"embeddable":true,"href":"https:\/\/informativoelvalledeaguascalientes.online\/index.php?rest_route=%2Fwp%2Fv2%2Fcomments&post=56457"}],"version-history":[{"count":1,"href":"https:\/\/informativoelvalledeaguascalientes.online\/index.php?rest_route=\/wp\/v2\/posts\/56457\/revisions"}],"predecessor-version":[{"id":56459,"href":"https:\/\/informativoelvalledeaguascalientes.online\/index.php?rest_route=\/wp\/v2\/posts\/56457\/revisions\/56459"}],"wp:featuredmedia":[{"embeddable":true,"href":"https:\/\/informativoelvalledeaguascalientes.online\/index.php?rest_route=\/wp\/v2\/media\/56458"}],"wp:attachment":[{"href":"https:\/\/informativoelvalledeaguascalientes.online\/index.php?rest_route=%2Fwp%2Fv2%2Fmedia&parent=56457"}],"wp:term":[{"taxonomy":"category","embeddable":true,"href":"https:\/\/informativoelvalledeaguascalientes.online\/index.php?rest_route=%2Fwp%2Fv2%2Fcategories&post=56457"},{"taxonomy":"post_tag","embeddable":true,"href":"https:\/\/informativoelvalledeaguascalientes.online\/index.php?rest_route=%2Fwp%2Fv2%2Ftags&post=56457"}],"curies":[{"name":"wp","href":"https:\/\/api.w.org\/{rel}","templated":true}]}}