{"id":56396,"date":"2024-05-15T20:42:59","date_gmt":"2024-05-16T02:42:59","guid":{"rendered":"https:\/\/informativoelvalledeaguascalientes.online\/?p=56396"},"modified":"2024-05-15T20:42:59","modified_gmt":"2024-05-16T02:42:59","slug":"trabajare-para-construir-un-futuro-prospero-y-dinamico-para-jesus-maria-cesar-medina","status":"publish","type":"post","link":"https:\/\/informativoelvalledeaguascalientes.online\/?p=56396","title":{"rendered":"TRABAJAR\u00c9 PARA CONSTRUIR UN FUTURO PR\u00d3SPERO Y DIN\u00c1MICO PARA JES\u00daS MAR\u00cdA: C\u00c9SAR MEDINA"},"content":{"rendered":"<p>#informativoelvalledeaguascalientes<\/p>\n<p>#novaradioaguascalientes<\/p>\n<p>#informativoelvalledeaguascalientesll<\/p>\n<p>El candidato a la presidencia municipal de Jes\u00fas Mar\u00eda por la Alianza Fuerza y Coraz\u00f3n por Aguascalientes, C\u00e9sar Medina Cervantes, se reuni\u00f3 con empresarios restauranteros, propietarios de bares, salones de fiestas entre otros rubros, para darles a conocer sus propuestas, reiterando que impulsar\u00e1 el movimiento econ\u00f3mico de Jes\u00fas Mar\u00eda, as\u00ed como su compromiso de trabajar para construir un futuro pr\u00f3spero y din\u00e1mico para el municipio.<\/p>\n<p>\u201cUstedes son parte importante de la econom\u00eda del municipio, tengan por seguro que voy a trabajar en equipo con ustedes, vamos a eliminar obst\u00e1culos y facilitar su crecimiento y desarrollo\u201d indic\u00f3 C\u00e9sar Medina quien se comprometi\u00f3 a promover acciones que impulsen la competencia leal y en igualdad de condiciones en este sector que contribuye a la generaci\u00f3n de empleos, as\u00ed como a la vitalidad de la cabecera municipal.<\/p>\n<p>El abanderado de la alianza por el PRI, PAN y PRD, indic\u00f3 que su gobierno ser\u00e1 accesible, cercano y \u00e1gil, por lo que propone la creaci\u00f3n de la plataforma digital con la que toda la ciudadan\u00eda podr\u00e1 realizar tr\u00e1mites gubernamentales desde la comodidad de su hogar o su negocio, \u201ctenemos que entrarle al tema digital para facilitar las cosas, s\u00e9 que en ocasiones es complicado acudir al centro a hacer un tr\u00e1mite, por lo que durante mi gobierno, ya se podr\u00e1n hacer estas gestiones desde la aplicaci\u00f3n\u201d mencion\u00f3 Medina Cervantes.<\/p>\n<p>Al abordar temas de seguridad p\u00fablica, Cesar Medina indic\u00f3 que va a fortalecer el tema de la Guardia Civil, una corporaci\u00f3n que es y ser\u00e1 a\u00fan m\u00e1s cercana al comercio, toda vez que realizar\u00e1n rondines en las avenidas con mayor movimiento y zonas comerciales, para brindar seguridad, tanto a los comerciantes, como a sus clientes.<\/p>\n","protected":false},"excerpt":{"rendered":"<p>#informativoelvalledeaguascalientes #novaradioaguascalientes #informativoelvalledeaguascalientesll El candidato a la presidencia municipal de Jes\u00fas Mar\u00eda por la Alianza Fuerza y Coraz\u00f3n por Aguascalientes, C\u00e9sar Medina Cervantes, se reuni\u00f3 con empresarios restauranteros, propietarios de bares, salones de fiestas entre otros rubros, para darles a conocer sus propuestas, reiterando que impulsar\u00e1 el movimiento econ\u00f3mico de Jes\u00fas Mar\u00eda, as\u00ed como su [&hellip;]<\/p>\n","protected":false},"author":1,"featured_media":56397,"comment_status":"closed","ping_status":"open","sticky":false,"template":"","format":"standard","meta":{"advanced_seo_description":"","jetpack_seo_html_title":"","jetpack_seo_noindex":false,"_jetpack_memberships_contains_paid_content":false,"footnotes":"","jetpack_publicize_message":"","jetpack_publicize_feature_enabled":true,"jetpack_social_post_already_shared":true,"jetpack_social_options":{"image_generator_settings":{"template":"highway","default_image_id":0,"font":"","enabled":false},"version":2}},"categories":[21,762,7],"tags":[22,765,764,665],"class_list":["post-56396","post","type-post","status-publish","format-standard","has-post-thumbnail","hentry","category-aguascalientes","category-elecciones-2024","category-pan-aguascalientes","tag-aguascalientes","tag-cesar-medina","tag-elecciones-2024","tag-pan"],"jetpack_publicize_connections":[],"jetpack_featured_media_url":"https:\/\/i0.wp.com\/informativoelvalledeaguascalientes.online\/wp-content\/uploads\/2024\/05\/WhatsApp-Image-2024-05-15-at-15.34.36-scaled.jpeg?fit=2560%2C1700&ssl=1","jetpack-related-posts":[],"jetpack_sharing_enabled":true,"jetpack_likes_enabled":true,"_links":{"self":[{"href":"https:\/\/informativoelvalledeaguascalientes.online\/index.php?rest_route=\/wp\/v2\/posts\/56396","targetHints":{"allow":["GET"]}}],"collection":[{"href":"https:\/\/informativoelvalledeaguascalientes.online\/index.php?rest_route=\/wp\/v2\/posts"}],"about":[{"href":"https:\/\/informativoelvalledeaguascalientes.online\/index.php?rest_route=\/wp\/v2\/types\/post"}],"author":[{"embeddable":true,"href":"https:\/\/informativoelvalledeaguascalientes.online\/index.php?rest_route=\/wp\/v2\/users\/1"}],"replies":[{"embeddable":true,"href":"https:\/\/informativoelvalledeaguascalientes.online\/index.php?rest_route=%2Fwp%2Fv2%2Fcomments&post=56396"}],"version-history":[{"count":1,"href":"https:\/\/informativoelvalledeaguascalientes.online\/index.php?rest_route=\/wp\/v2\/posts\/56396\/revisions"}],"predecessor-version":[{"id":56398,"href":"https:\/\/informativoelvalledeaguascalientes.online\/index.php?rest_route=\/wp\/v2\/posts\/56396\/revisions\/56398"}],"wp:featuredmedia":[{"embeddable":true,"href":"https:\/\/informativoelvalledeaguascalientes.online\/index.php?rest_route=\/wp\/v2\/media\/56397"}],"wp:attachment":[{"href":"https:\/\/informativoelvalledeaguascalientes.online\/index.php?rest_route=%2Fwp%2Fv2%2Fmedia&parent=56396"}],"wp:term":[{"taxonomy":"category","embeddable":true,"href":"https:\/\/informativoelvalledeaguascalientes.online\/index.php?rest_route=%2Fwp%2Fv2%2Fcategories&post=56396"},{"taxonomy":"post_tag","embeddable":true,"href":"https:\/\/informativoelvalledeaguascalientes.online\/index.php?rest_route=%2Fwp%2Fv2%2Ftags&post=56396"}],"curies":[{"name":"wp","href":"https:\/\/api.w.org\/{rel}","templated":true}]}}