{"id":56386,"date":"2024-05-15T20:29:19","date_gmt":"2024-05-16T02:29:19","guid":{"rendered":"https:\/\/informativoelvalledeaguascalientes.online\/?p=56386"},"modified":"2024-06-02T17:05:30","modified_gmt":"2024-06-02T23:05:30","slug":"aviso-vial-obra-en-proceso-2","status":"publish","type":"post","link":"https:\/\/informativoelvalledeaguascalientes.online\/?p=56386","title":{"rendered":"AVISO VIAL: OBRA EN PROCESO"},"content":{"rendered":"<p>#informativoelvalledeaguascalientes<\/p>\n<p>#novaradioaguascalientes<\/p>\n<p>#informativoelvalledeaguascalientesll<\/p>\n<p>#ElGiganteDeMexico<\/p>\n<p>El Gobierno del Estado informa que el personal de la Secretar\u00eda de Obras P\u00fablicas trabaja en la rehabilitaci\u00f3n asf\u00e1ltica de la calle Aquiles Elorduy del fracc. San Marcos, en el tramo comprendido entre la calle Paseo del R\u00edo y el Segundo Anillo poniente.<\/p>\n<p>Maneje con precauci\u00f3n; gracias por su comprensi\u00f3n.<\/p>\n","protected":false},"excerpt":{"rendered":"<p>#informativoelvalledeaguascalientes #novaradioaguascalientes #informativoelvalledeaguascalientesll #ElGiganteDeMexico El Gobierno del Estado informa que el personal de la Secretar\u00eda de Obras P\u00fablicas trabaja en la rehabilitaci\u00f3n asf\u00e1ltica de la calle Aquiles Elorduy del fracc. San Marcos, en el tramo comprendido entre la calle Paseo del R\u00edo y el Segundo Anillo poniente. Maneje con precauci\u00f3n; gracias por su comprensi\u00f3n.<\/p>\n","protected":false},"author":1,"featured_media":56387,"comment_status":"closed","ping_status":"open","sticky":false,"template":"","format":"standard","meta":{"advanced_seo_description":"","jetpack_seo_html_title":"","jetpack_seo_noindex":false,"_jetpack_memberships_contains_paid_content":false,"footnotes":"","jetpack_publicize_message":"","jetpack_publicize_feature_enabled":true,"jetpack_social_post_already_shared":true,"jetpack_social_options":{"image_generator_settings":{"template":"highway","default_image_id":0,"font":"","enabled":false},"version":2}},"categories":[21,4],"tags":[22,615,46],"class_list":["post-56386","post","type-post","status-publish","format-standard","has-post-thumbnail","hentry","category-aguascalientes","category-gobierno-del-estado-aguascalientes","tag-aguascalientes","tag-gobierno-del-estado-de-aguascalientes","tag-sop"],"jetpack_publicize_connections":[],"jetpack_featured_media_url":"https:\/\/i0.wp.com\/informativoelvalledeaguascalientes.online\/wp-content\/uploads\/2024\/05\/WhatsApp-Image-2024-05-15-at-16.02.08.jpeg?fit=1280%2C1017&ssl=1","jetpack-related-posts":[],"jetpack_sharing_enabled":true,"jetpack_likes_enabled":true,"_links":{"self":[{"href":"https:\/\/informativoelvalledeaguascalientes.online\/index.php?rest_route=\/wp\/v2\/posts\/56386","targetHints":{"allow":["GET"]}}],"collection":[{"href":"https:\/\/informativoelvalledeaguascalientes.online\/index.php?rest_route=\/wp\/v2\/posts"}],"about":[{"href":"https:\/\/informativoelvalledeaguascalientes.online\/index.php?rest_route=\/wp\/v2\/types\/post"}],"author":[{"embeddable":true,"href":"https:\/\/informativoelvalledeaguascalientes.online\/index.php?rest_route=\/wp\/v2\/users\/1"}],"replies":[{"embeddable":true,"href":"https:\/\/informativoelvalledeaguascalientes.online\/index.php?rest_route=%2Fwp%2Fv2%2Fcomments&post=56386"}],"version-history":[{"count":1,"href":"https:\/\/informativoelvalledeaguascalientes.online\/index.php?rest_route=\/wp\/v2\/posts\/56386\/revisions"}],"predecessor-version":[{"id":56388,"href":"https:\/\/informativoelvalledeaguascalientes.online\/index.php?rest_route=\/wp\/v2\/posts\/56386\/revisions\/56388"}],"wp:featuredmedia":[{"embeddable":true,"href":"https:\/\/informativoelvalledeaguascalientes.online\/index.php?rest_route=\/wp\/v2\/media\/56387"}],"wp:attachment":[{"href":"https:\/\/informativoelvalledeaguascalientes.online\/index.php?rest_route=%2Fwp%2Fv2%2Fmedia&parent=56386"}],"wp:term":[{"taxonomy":"category","embeddable":true,"href":"https:\/\/informativoelvalledeaguascalientes.online\/index.php?rest_route=%2Fwp%2Fv2%2Fcategories&post=56386"},{"taxonomy":"post_tag","embeddable":true,"href":"https:\/\/informativoelvalledeaguascalientes.online\/index.php?rest_route=%2Fwp%2Fv2%2Ftags&post=56386"}],"curies":[{"name":"wp","href":"https:\/\/api.w.org\/{rel}","templated":true}]}}