{"id":5637,"date":"2020-04-22T21:08:24","date_gmt":"2020-04-23T03:08:24","guid":{"rendered":"https:\/\/informativoelvalledeaguascalientes.online\/?p=5637"},"modified":"2020-04-22T21:16:44","modified_gmt":"2020-04-23T03:16:44","slug":"mantiene-adan-valdivia-contacto-con-paisanos-radicados-en-eu","status":"publish","type":"post","link":"https:\/\/informativoelvalledeaguascalientes.online\/?p=5637","title":{"rendered":"Mantiene Ad\u00e1n Valdivia contact\u00f3 con paisanos radicados en EU"},"content":{"rendered":"<div>Durante su participaci\u00f3n en el programa Contacto Paisano en Positiva Radio 1490 de Utah, el presidente municipal de Calvillo, Ad\u00e1n Valdivia L\u00f3pez manifest\u00f3 el compromiso de mantener una estrecha comunicaci\u00f3n con la comunidad de calvillenses migrantes y los exhort\u00f3 a mantener en alto la fortaleza que caracteriza a los mexicanos.<\/div>\n<div><\/div>\n<div>En el programa Contacto Paisano, conducido por Pastor Mario Rivas, en Positiva Radio 1490 de Utah, tambi\u00e9n estuvieron enlazados: Salvador Lazalde, presidente de la Federaci\u00f3n de Mexicanos Unidos en Utah; y Jos\u00e9 Borj\u00f3n, c\u00f3nsul mexicano en Utah.<\/div>\n<div><\/div>\n<div>En su intervenci\u00f3n, el alcalde de Calvillo hizo un recuento de las acciones que el gobierno municipal ha llevado a cabo para enfrentar la epidemia de COVID-19 (Coronavirus), incluido el donativo de los empleados de confianza del municipio de un mes de sueldo para apoyar a las personas m\u00e1s necesitadas; tambi\u00e9n agradeci\u00f3 a los calvillenses radicados en Estados Unidos por la importante aportaci\u00f3n que representan para la econom\u00eda local las remesas que env\u00edan regularmente; y, exhort\u00f3 a los paisanos a mantenerse unidos, solidarios y dispuestos a hacer equipo para enfrentar la pandemia.<\/div>\n<div><\/div>\n<div>La transmisi\u00f3n el vivo del programa puede reproducirse en:\u00a0<a href=\"https:\/\/www.facebook.com\/140865742729627\/videos\/1345568472293832\/\" target=\"_blank\" rel=\"noopener noreferrer\" data-saferedirecturl=\"https:\/\/www.google.com\/url?q=https:\/\/www.facebook.com\/140865742729627\/videos\/1345568472293832\/&amp;source=gmail&amp;ust=1587685947182000&amp;usg=AFQjCNF6tfgcxbDuwbz9MYyyVTGZrXTu4A\">https:\/\/www.facebook.com\/<wbr \/>140865742729627\/videos\/<wbr \/>1345568472293832\/<\/a><\/div>\n","protected":false},"excerpt":{"rendered":"<p>Durante su participaci\u00f3n en el programa Contacto Paisano en Positiva Radio 1490 de Utah, el presidente municipal de Calvillo, Ad\u00e1n Valdivia L\u00f3pez manifest\u00f3 el compromiso de mantener una estrecha comunicaci\u00f3n con la comunidad de calvillenses migrantes y los exhort\u00f3 a mantener en alto la fortaleza que caracteriza a los mexicanos. En el programa Contacto Paisano, [&hellip;]<\/p>\n","protected":false},"author":1,"featured_media":5638,"comment_status":"closed","ping_status":"open","sticky":false,"template":"","format":"standard","meta":{"advanced_seo_description":"","jetpack_seo_html_title":"","jetpack_seo_noindex":false,"_jetpack_memberships_contains_paid_content":false,"footnotes":"","jetpack_publicize_message":"","jetpack_publicize_feature_enabled":true,"jetpack_social_post_already_shared":true,"jetpack_social_options":{"image_generator_settings":{"template":"highway","default_image_id":0,"font":"","enabled":false},"version":2}},"categories":[21,13],"tags":[22,29],"class_list":["post-5637","post","type-post","status-publish","format-standard","has-post-thumbnail","hentry","category-aguascalientes","category-calvillo-aguascalientes","tag-aguascalientes","tag-calvillo-aguascalientes"],"jetpack_publicize_connections":[],"jetpack_featured_media_url":"https:\/\/i0.wp.com\/informativoelvalledeaguascalientes.online\/wp-content\/uploads\/2020\/04\/calvillo_ags_22042020.jpg?fit=663%2C379&ssl=1","jetpack-related-posts":[],"jetpack_sharing_enabled":true,"jetpack_likes_enabled":true,"_links":{"self":[{"href":"https:\/\/informativoelvalledeaguascalientes.online\/index.php?rest_route=\/wp\/v2\/posts\/5637","targetHints":{"allow":["GET"]}}],"collection":[{"href":"https:\/\/informativoelvalledeaguascalientes.online\/index.php?rest_route=\/wp\/v2\/posts"}],"about":[{"href":"https:\/\/informativoelvalledeaguascalientes.online\/index.php?rest_route=\/wp\/v2\/types\/post"}],"author":[{"embeddable":true,"href":"https:\/\/informativoelvalledeaguascalientes.online\/index.php?rest_route=\/wp\/v2\/users\/1"}],"replies":[{"embeddable":true,"href":"https:\/\/informativoelvalledeaguascalientes.online\/index.php?rest_route=%2Fwp%2Fv2%2Fcomments&post=5637"}],"version-history":[{"count":2,"href":"https:\/\/informativoelvalledeaguascalientes.online\/index.php?rest_route=\/wp\/v2\/posts\/5637\/revisions"}],"predecessor-version":[{"id":5640,"href":"https:\/\/informativoelvalledeaguascalientes.online\/index.php?rest_route=\/wp\/v2\/posts\/5637\/revisions\/5640"}],"wp:featuredmedia":[{"embeddable":true,"href":"https:\/\/informativoelvalledeaguascalientes.online\/index.php?rest_route=\/wp\/v2\/media\/5638"}],"wp:attachment":[{"href":"https:\/\/informativoelvalledeaguascalientes.online\/index.php?rest_route=%2Fwp%2Fv2%2Fmedia&parent=5637"}],"wp:term":[{"taxonomy":"category","embeddable":true,"href":"https:\/\/informativoelvalledeaguascalientes.online\/index.php?rest_route=%2Fwp%2Fv2%2Fcategories&post=5637"},{"taxonomy":"post_tag","embeddable":true,"href":"https:\/\/informativoelvalledeaguascalientes.online\/index.php?rest_route=%2Fwp%2Fv2%2Ftags&post=5637"}],"curies":[{"name":"wp","href":"https:\/\/api.w.org\/{rel}","templated":true}]}}