{"id":56345,"date":"2024-05-14T13:46:30","date_gmt":"2024-05-14T19:46:30","guid":{"rendered":"https:\/\/informativoelvalledeaguascalientes.online\/?p=56345"},"modified":"2024-06-02T16:39:51","modified_gmt":"2024-06-02T22:39:51","slug":"reconoce-tere-jimenez-legado-de-docentes-jubilados-en-la-construccion-de-un-mejor-aguascalientes","status":"publish","type":"post","link":"https:\/\/informativoelvalledeaguascalientes.online\/?p=56345","title":{"rendered":"RECONOCE TERE JIM\u00c9NEZ LEGADO DE DOCENTES JUBILADOS EN LA CONSTRUCCI\u00d3N DE UN MEJOR AGUASCALIENTES"},"content":{"rendered":"<p>#informativoelvalledeaguascalientes<\/p>\n<p>#novaradioaguascalientes<\/p>\n<p>#informativoelvalledeaguascalientesll<\/p>\n<p>#ElGiganteDeMexico<\/p>\n<ul class=\"xErDo AnCKd\">\n<li class=\"_04hd2 vVfzz\" dir=\"auto\">\n<div>\n<p id=\"viewer-r592x273\" class=\"-Zro6 -ZADH vVfzz AnCKd _57WYp\"><span class=\"d0767 vVfzz\"><strong><em>Maestros y maestras en el retiro recuperaron prima de antig\u00fcedad\u00a0<\/em><\/strong><\/span><\/p>\n<\/div>\n<\/li>\n<li class=\"_04hd2 vVfzz\" dir=\"auto\">\n<div>\n<p id=\"viewer-ynzpw276\" class=\"-Zro6 -ZADH vVfzz AnCKd _57WYp\"><span class=\"d0767 vVfzz\"><strong><em>La gobernadora les reconoce sus aportaciones para Aguascalientes\u00a0<\/em><\/strong><\/span><\/p>\n<\/div>\n<\/li>\n<li class=\"_04hd2 vVfzz\" dir=\"auto\">\n<div>\n<p id=\"viewer-gi2xv279\" class=\"-Zro6 -ZADH vVfzz AnCKd _57WYp\"><span class=\"d0767 vVfzz\"><strong><em>Sus ense\u00f1anzas han sido fundamentales para el desarrollo social y econ\u00f3mico\u00a0<\/em><\/strong><\/span><\/p>\n<\/div>\n<\/li>\n<\/ul>\n<div id=\"viewer-htov7281\" class=\"-Zro6 -ZADH IjV6v _57WYp\"><span class=\"d0767\">\u00a0<\/span><\/div>\n<p id=\"viewer-2hzhm282\" class=\"-Zro6 -ZADH vVfzz AnCKd _57WYp\"><span class=\"d0767 vVfzz\">La gobernadora Tere Jim\u00e9nez reconoci\u00f3 a las maestras y maestros jubilados de Aguascalientes por dedicar su vida a la ense\u00f1anza y formaci\u00f3n de muchas generaciones, un trabajo que hoy rinde frutos, pues ayud\u00f3 a construir un estado fuerte y en desarrollo, que goza de paz y tranquilidad.<\/span><\/p>\n<div id=\"viewer-iigrm284\" class=\"-Zro6 -ZADH IjV6v _57WYp\"><span class=\"d0767\">\u00a0<\/span><\/div>\n<p id=\"viewer-ns9uc285\" class=\"-Zro6 -ZADH vVfzz AnCKd _57WYp\"><span class=\"d0767 vVfzz\">Por ello, y en el marco de la conmemoraci\u00f3n del D\u00eda del Maestro, Tere Jim\u00e9nez anunci\u00f3 la recuperaci\u00f3n de la prima de antig\u00fcedad para las y los maestros jubilados, no solo por ser un derecho, sino como agradecimiento y reconocimiento a su destacada trayectoria y vocaci\u00f3n, as\u00ed como al aporte que a lo largo de d\u00e9cadas han hecho al desarrollo social y econ\u00f3mico del estado a trav\u00e9s de su noble labor.<\/span><\/p>\n<div id=\"viewer-mqqxv287\" class=\"-Zro6 -ZADH IjV6v _57WYp\"><span class=\"d0767\">\u00a0<\/span><\/div>\n<p id=\"viewer-ad2un288\" class=\"-Zro6 -ZADH vVfzz AnCKd _57WYp\"><span class=\"d0767 vVfzz\">La gobernadora coment\u00f3 que en Aguascalientes se respetan los derechos de las y los maestros jubilados, como la prima de antig\u00fcedad, que es una garant\u00eda que tienen por su compromiso con la educaci\u00f3n; dijo que si bien esta prestaci\u00f3n se omiti\u00f3 en el pasado, hoy se logr\u00f3 recuperar y se le dar\u00e1 puntual cumplimiento.<\/span><\/p>\n<div id=\"viewer-pr4d9290\" class=\"-Zro6 -ZADH IjV6v _57WYp\"><span class=\"d0767\">\u00a0<\/span><\/div>\n<p id=\"viewer-9llt1291\" class=\"-Zro6 -ZADH vVfzz AnCKd _57WYp\"><span class=\"d0767 vVfzz\">\u201cEstamos regresando a la educaci\u00f3n de calidad, amold\u00e1ndonos a los nuevos tiempos, pero lo que yo quiero es una calidad educativa, porque lo m\u00e1s valioso que tiene el ser humano, adem\u00e1s de la salud, es el conocimiento; si a un alumno no le ense\u00f1amos matem\u00e1ticas, pues entonces no va a aprender matem\u00e1ticas, y nosotros necesitamos conocimientos en esa materia para que existan los pr\u00f3ximos ingenieros, arquitectos, productores de sistemas computacionales&#8221;, se\u00f1al\u00f3 la gobernadora.<\/span><\/p>\n<div id=\"viewer-zit2a293\" class=\"-Zro6 -ZADH IjV6v _57WYp\"><span class=\"d0767\">\u00a0<\/span><\/div>\n<p id=\"viewer-jlh77294\" class=\"-Zro6 -ZADH vVfzz AnCKd _57WYp\"><span class=\"d0767 vVfzz\">Por su parte, Ram\u00f3n Garc\u00eda Alvizo, secretario general de la Secci\u00f3n 1 del Sindicato Nacional de Trabajadores de la Educaci\u00f3n (SNTE), reconoci\u00f3 la aportaci\u00f3n de los maestros jubilados al sistema educativo de la entidad, as\u00ed como a las autoridades estatales por su inter\u00e9s para dar respuesta a la petici\u00f3n de 702 docentes para recuperar su prima de antig\u00fcedad.<\/span><\/p>\n","protected":false},"excerpt":{"rendered":"<p>#informativoelvalledeaguascalientes #novaradioaguascalientes #informativoelvalledeaguascalientesll #ElGiganteDeMexico Maestros y maestras en el retiro recuperaron prima de antig\u00fcedad\u00a0 La gobernadora les reconoce sus aportaciones para Aguascalientes\u00a0 Sus ense\u00f1anzas han sido fundamentales para el desarrollo social y econ\u00f3mico\u00a0 \u00a0 La gobernadora Tere Jim\u00e9nez reconoci\u00f3 a las maestras y maestros jubilados de Aguascalientes por dedicar su vida a la ense\u00f1anza y [&hellip;]<\/p>\n","protected":false},"author":1,"featured_media":56346,"comment_status":"closed","ping_status":"open","sticky":false,"template":"","format":"standard","meta":{"advanced_seo_description":"","jetpack_seo_html_title":"","jetpack_seo_noindex":false,"_jetpack_memberships_contains_paid_content":false,"footnotes":"","jetpack_publicize_message":"","jetpack_publicize_feature_enabled":true,"jetpack_social_post_already_shared":true,"jetpack_social_options":{"image_generator_settings":{"template":"highway","default_image_id":0,"font":"","enabled":false},"version":2}},"categories":[21,4],"tags":[22,615,39,320],"class_list":["post-56345","post","type-post","status-publish","format-standard","has-post-thumbnail","hentry","category-aguascalientes","category-gobierno-del-estado-aguascalientes","tag-aguascalientes","tag-gobierno-del-estado-de-aguascalientes","tag-iea","tag-tere-jimenez"],"jetpack_publicize_connections":[],"jetpack_featured_media_url":"https:\/\/i0.wp.com\/informativoelvalledeaguascalientes.online\/wp-content\/uploads\/2024\/05\/JUBILADOS-3.jpg?fit=1440%2C960&ssl=1","jetpack-related-posts":[],"jetpack_sharing_enabled":true,"jetpack_likes_enabled":true,"_links":{"self":[{"href":"https:\/\/informativoelvalledeaguascalientes.online\/index.php?rest_route=\/wp\/v2\/posts\/56345","targetHints":{"allow":["GET"]}}],"collection":[{"href":"https:\/\/informativoelvalledeaguascalientes.online\/index.php?rest_route=\/wp\/v2\/posts"}],"about":[{"href":"https:\/\/informativoelvalledeaguascalientes.online\/index.php?rest_route=\/wp\/v2\/types\/post"}],"author":[{"embeddable":true,"href":"https:\/\/informativoelvalledeaguascalientes.online\/index.php?rest_route=\/wp\/v2\/users\/1"}],"replies":[{"embeddable":true,"href":"https:\/\/informativoelvalledeaguascalientes.online\/index.php?rest_route=%2Fwp%2Fv2%2Fcomments&post=56345"}],"version-history":[{"count":1,"href":"https:\/\/informativoelvalledeaguascalientes.online\/index.php?rest_route=\/wp\/v2\/posts\/56345\/revisions"}],"predecessor-version":[{"id":56347,"href":"https:\/\/informativoelvalledeaguascalientes.online\/index.php?rest_route=\/wp\/v2\/posts\/56345\/revisions\/56347"}],"wp:featuredmedia":[{"embeddable":true,"href":"https:\/\/informativoelvalledeaguascalientes.online\/index.php?rest_route=\/wp\/v2\/media\/56346"}],"wp:attachment":[{"href":"https:\/\/informativoelvalledeaguascalientes.online\/index.php?rest_route=%2Fwp%2Fv2%2Fmedia&parent=56345"}],"wp:term":[{"taxonomy":"category","embeddable":true,"href":"https:\/\/informativoelvalledeaguascalientes.online\/index.php?rest_route=%2Fwp%2Fv2%2Fcategories&post=56345"},{"taxonomy":"post_tag","embeddable":true,"href":"https:\/\/informativoelvalledeaguascalientes.online\/index.php?rest_route=%2Fwp%2Fv2%2Ftags&post=56345"}],"curies":[{"name":"wp","href":"https:\/\/api.w.org\/{rel}","templated":true}]}}