{"id":56342,"date":"2024-05-14T13:44:02","date_gmt":"2024-05-14T19:44:02","guid":{"rendered":"https:\/\/informativoelvalledeaguascalientes.online\/?p=56342"},"modified":"2024-05-14T13:44:02","modified_gmt":"2024-05-14T19:44:02","slug":"sigan-preparandose-porque-ustedes-jovenes-son-el-futuro-de-aguascalientes-tere-jimenez","status":"publish","type":"post","link":"https:\/\/informativoelvalledeaguascalientes.online\/?p=56342","title":{"rendered":"SIGAN PREPAR\u00c1NDOSE PORQUE USTEDES, J\u00d3VENES, SON EL FUTURO DE AGUASCALIENTES: TERE JIM\u00c9NEZ"},"content":{"rendered":"<p>#informativoelvalledeaguascalientes<\/p>\n<p>#novaradioaguascalientes<\/p>\n<p>#informativoelvalledeaguascalientesll<\/p>\n<p>#ElGiganteDeMexico<\/p>\n<p id=\"viewer-kwkmq213\" class=\"-Zro6 -ZADH vVfzz AnCKd _57WYp\"><span class=\"d0767 vVfzz\">La gobernadora Tere Jim\u00e9nez sostuvo un di\u00e1logo abierto con estudiantes del Instituto Tecnol\u00f3gico de Aguascalientes (ITA), donde reconoci\u00f3 a esta instituci\u00f3n educativa como una de las mejores del mundo, con varios reconocimientos internacionales.<\/span><\/p>\n<div id=\"viewer-iyo7f215\" class=\"-Zro6 -ZADH IjV6v _57WYp\"><span class=\"d0767\">\u00a0<\/span><\/div>\n<p id=\"viewer-wsi6c216\" class=\"-Zro6 -ZADH vVfzz AnCKd _57WYp\"><span class=\"d0767 vVfzz\">Durante el encuentro, Tere Jim\u00e9nez invit\u00f3 a las y los alumnos a seguir prepar\u00e1ndose para ser los mejores profesionistas y aprovechar cada oportunidad que se les presente mientras estudian, pues esta etapa ser\u00e1 la que les dar\u00e1 los cimientos para construir su futuro.<\/span><\/p>\n<div id=\"viewer-7ehjk218\" class=\"-Zro6 -ZADH IjV6v _57WYp\"><span class=\"d0767\">\u00a0<\/span><\/div>\n<p id=\"viewer-5t9uv219\" class=\"-Zro6 -ZADH vVfzz AnCKd _57WYp\"><span class=\"d0767 vVfzz\">\u201cNo pierdan el tiempo mientras estudian, prep\u00e1rense, porque esta instituci\u00f3n compite en el mundo; lo que pueden so\u00f1ar, lo podr\u00e1n lograr; sigan luchando, he visto tantos sue\u00f1os hechos realidad de egresados de esta universidad, y ustedes no se den por vencidos hasta que logren llegar a su meta\u201d, agreg\u00f3 Tere Jim\u00e9nez.\u00a0<\/span><\/p>\n<div id=\"viewer-pkhs3221\" class=\"-Zro6 -ZADH IjV6v _57WYp\"><span class=\"d0767\">\u00a0<\/span><\/div>\n<p id=\"viewer-54re2222\" class=\"-Zro6 -ZADH vVfzz AnCKd _57WYp\"><span class=\"d0767 vVfzz\">Jos\u00e9 Luis Gil V\u00e1zquez, director del ITA, destac\u00f3 la cercan\u00eda que la gobernadora mantiene con las y los estudiantes de Aguascalientes, adem\u00e1s de la gran visi\u00f3n con la que ha guiado al estado para atraer inversiones y generar mejores empleos para las y los egresados.<\/span><\/p>\n<div id=\"viewer-umegl224\" class=\"-Zro6 -ZADH IjV6v _57WYp\"><span class=\"d0767\">\u00a0<\/span><\/div>\n<p id=\"viewer-2yao5225\" class=\"-Zro6 -ZADH vVfzz AnCKd _57WYp\"><span class=\"d0767 vVfzz\">\u201cEs un honor que nos acompa\u00f1e; toda nuestra juventud estudia una carrera con doble acreditaci\u00f3n, pues el 70 por ciento tiene la acreditaci\u00f3n nacional e internacional, lo que garantiza que los egresados lleven un plus para contribuir a la sociedad de Aguascalientes\u201d, sostuvo.<\/span><\/p>\n<div id=\"viewer-n0ivv227\" class=\"-Zro6 -ZADH IjV6v _57WYp\"><span class=\"d0767\">\u00a0<\/span><\/div>\n<p id=\"viewer-loyrn228\" class=\"-Zro6 -ZADH vVfzz AnCKd _57WYp\"><span class=\"d0767 vVfzz\">A\u00f1adi\u00f3 que las carreras enfocadas a las tecnolog\u00edas de la informaci\u00f3n se han vuelto prioritarias, por lo que adelant\u00f3 que en breve abrir\u00e1n dos nuevas carreras en ese rubro; \u201ceste nuevo proyecto le conviene al estado, y con su apoyo y gran visi\u00f3n lograremos ser el gigante del mundo\u201d, finaliz\u00f3 el director del ITA.<\/span><\/p>\n","protected":false},"excerpt":{"rendered":"<p>#informativoelvalledeaguascalientes #novaradioaguascalientes #informativoelvalledeaguascalientesll #ElGiganteDeMexico La gobernadora Tere Jim\u00e9nez sostuvo un di\u00e1logo abierto con estudiantes del Instituto Tecnol\u00f3gico de Aguascalientes (ITA), donde reconoci\u00f3 a esta instituci\u00f3n educativa como una de las mejores del mundo, con varios reconocimientos internacionales. \u00a0 Durante el encuentro, Tere Jim\u00e9nez invit\u00f3 a las y los alumnos a seguir prepar\u00e1ndose para ser los [&hellip;]<\/p>\n","protected":false},"author":1,"featured_media":56343,"comment_status":"closed","ping_status":"open","sticky":false,"template":"","format":"standard","meta":{"advanced_seo_description":"","jetpack_seo_html_title":"","jetpack_seo_noindex":false,"_jetpack_memberships_contains_paid_content":false,"footnotes":"","jetpack_publicize_message":"","jetpack_publicize_feature_enabled":true,"jetpack_social_post_already_shared":true,"jetpack_social_options":{"image_generator_settings":{"template":"highway","default_image_id":0,"font":"","enabled":false},"version":2}},"categories":[21,4],"tags":[22,615,320],"class_list":["post-56342","post","type-post","status-publish","format-standard","has-post-thumbnail","hentry","category-aguascalientes","category-gobierno-del-estado-aguascalientes","tag-aguascalientes","tag-gobierno-del-estado-de-aguascalientes","tag-tere-jimenez"],"jetpack_publicize_connections":[],"jetpack_featured_media_url":"https:\/\/i0.wp.com\/informativoelvalledeaguascalientes.online\/wp-content\/uploads\/2024\/05\/WhatsApp-Image-2024-05-14-at-12.49.32-PM.jpeg?fit=1600%2C1066&ssl=1","jetpack-related-posts":[],"jetpack_sharing_enabled":true,"jetpack_likes_enabled":true,"_links":{"self":[{"href":"https:\/\/informativoelvalledeaguascalientes.online\/index.php?rest_route=\/wp\/v2\/posts\/56342","targetHints":{"allow":["GET"]}}],"collection":[{"href":"https:\/\/informativoelvalledeaguascalientes.online\/index.php?rest_route=\/wp\/v2\/posts"}],"about":[{"href":"https:\/\/informativoelvalledeaguascalientes.online\/index.php?rest_route=\/wp\/v2\/types\/post"}],"author":[{"embeddable":true,"href":"https:\/\/informativoelvalledeaguascalientes.online\/index.php?rest_route=\/wp\/v2\/users\/1"}],"replies":[{"embeddable":true,"href":"https:\/\/informativoelvalledeaguascalientes.online\/index.php?rest_route=%2Fwp%2Fv2%2Fcomments&post=56342"}],"version-history":[{"count":1,"href":"https:\/\/informativoelvalledeaguascalientes.online\/index.php?rest_route=\/wp\/v2\/posts\/56342\/revisions"}],"predecessor-version":[{"id":56344,"href":"https:\/\/informativoelvalledeaguascalientes.online\/index.php?rest_route=\/wp\/v2\/posts\/56342\/revisions\/56344"}],"wp:featuredmedia":[{"embeddable":true,"href":"https:\/\/informativoelvalledeaguascalientes.online\/index.php?rest_route=\/wp\/v2\/media\/56343"}],"wp:attachment":[{"href":"https:\/\/informativoelvalledeaguascalientes.online\/index.php?rest_route=%2Fwp%2Fv2%2Fmedia&parent=56342"}],"wp:term":[{"taxonomy":"category","embeddable":true,"href":"https:\/\/informativoelvalledeaguascalientes.online\/index.php?rest_route=%2Fwp%2Fv2%2Fcategories&post=56342"},{"taxonomy":"post_tag","embeddable":true,"href":"https:\/\/informativoelvalledeaguascalientes.online\/index.php?rest_route=%2Fwp%2Fv2%2Ftags&post=56342"}],"curies":[{"name":"wp","href":"https:\/\/api.w.org\/{rel}","templated":true}]}}