{"id":56233,"date":"2024-05-10T17:05:26","date_gmt":"2024-05-10T23:05:26","guid":{"rendered":"https:\/\/informativoelvalledeaguascalientes.online\/?p=56233"},"modified":"2024-06-02T15:57:14","modified_gmt":"2024-06-02T21:57:14","slug":"encuentra-trabajo-este-lunes-la-brigada-de-empleo-en-tu-colonia-te-espera-en-el-fraccionamiento-palomino-dena","status":"publish","type":"post","link":"https:\/\/informativoelvalledeaguascalientes.online\/?p=56233","title":{"rendered":"ENCUENTRA TRABAJO ESTE LUNES, LA BRIGADA DE EMPLEO EN TU COLONIA TE ESPERA EN EL FRACCIONAMIENTO PALOMINO DENA"},"content":{"rendered":"<p>#informativoelvalledeaguascalientes<\/p>\n<p>#novaradioaguascalientes<\/p>\n<p>#informativoelvalledeaguascalientesll<\/p>\n<p>#ElGiganteDeMexico<\/p>\n<div class=\"siSdJK4 comp-l7sh9ubx\" data-hook=\"ricosviewer-wrapper\">\n<div class=\"U4I07\" dir=\"ltr\" data-id=\"content-viewer\">\n<div class=\"hl-xW\">\n<div>\n<p id=\"viewer-foo\" class=\"-Zro6 -ZADH vVfzz AnCKd _57WYp\"><span class=\"d0767 vVfzz\">El Gobierno del Estado informa que este lunes 13 de mayo la \u201cBrigada de Empleo en tu Colonia\u201d llegar\u00e1 a la casa del Bien Com\u00fan del Palomino Dena, ubicada en la calle Gilberto L\u00f3pez Velarde No. 307.\u00a0<\/span><\/p>\n<div id=\"viewer-mlt9e321\" class=\"-Zro6 -ZADH vVfzz _57WYp\"><span class=\"d0767 vVfzz\">\u00a0<\/span><\/div>\n<p id=\"viewer-zpmpw310\" class=\"-Zro6 -ZADH vVfzz AnCKd _57WYp\"><span class=\"d0767 vVfzz\">La brigada tendr\u00e1 un horario de las 9:00 a 14:00 horas y ofrecer\u00e1 m\u00e1s de mil oportunidades laborales para las y los asistentes.\u00a0<\/span><\/p>\n<div id=\"viewer-r3gde330\" class=\"-Zro6 -ZADH vVfzz _57WYp\"><span class=\"d0767 vVfzz\">\u00a0<\/span><\/div>\n<p id=\"viewer-j74r3312\" class=\"-Zro6 -ZADH vVfzz AnCKd _57WYp\"><span class=\"d0767 vVfzz\">Se recomienda a todos los interesados llevar varias solicitudes de empleo o curriculum vitae.<\/span><\/p>\n<p id=\"viewer-2r5o6314\" class=\"-Zro6 -ZADH vVfzz AnCKd _57WYp\"><span class=\"d0767 vVfzz\">El Servicio Estatal y Nacional de Empleo Aguascalientes (SNEA)\u00a0dar\u00e1 asesor\u00eda a la ciudadan\u00eda con la intenci\u00f3n de que conozca otras vacantes disponibles en el estado para personas mayores de 18 a\u00f1os, tanto para operarios y t\u00e9cnicos como para profesionistas.<\/span><\/p>\n<div id=\"viewer-hyx0b342\" class=\"-Zro6 -ZADH vVfzz _57WYp\"><span class=\"d0767 vVfzz\">\u00a0<\/span><\/div>\n<p id=\"viewer-esqai318\" class=\"-Zro6 -ZADH vVfzz AnCKd _57WYp\"><span class=\"d0767 vVfzz\">Para m\u00e1s informaci\u00f3n, las personas pueden acudir a las oficinas del SNEA ubicadas en el Ficotrece, en Av. Manuel G\u00f3mez Mor\u00edn s\/n, Nave 55, col. Ferronales; o bien, comunicarse al tel\u00e9fono 449 910 25 89 ext 5900, de lunes a viernes, en un horario de las 8:00 a 15:30 horas.<\/span><\/p>\n<\/div>\n<\/div>\n<\/div>\n<\/div>\n","protected":false},"excerpt":{"rendered":"<p>#informativoelvalledeaguascalientes #novaradioaguascalientes #informativoelvalledeaguascalientesll #ElGiganteDeMexico El Gobierno del Estado informa que este lunes 13 de mayo la \u201cBrigada de Empleo en tu Colonia\u201d llegar\u00e1 a la casa del Bien Com\u00fan del Palomino Dena, ubicada en la calle Gilberto L\u00f3pez Velarde No. 307.\u00a0 \u00a0 La brigada tendr\u00e1 un horario de las 9:00 a 14:00 horas y ofrecer\u00e1 [&hellip;]<\/p>\n","protected":false},"author":1,"featured_media":56234,"comment_status":"closed","ping_status":"open","sticky":false,"template":"","format":"standard","meta":{"advanced_seo_description":"","jetpack_seo_html_title":"","jetpack_seo_noindex":false,"_jetpack_memberships_contains_paid_content":false,"footnotes":"","jetpack_publicize_message":"","jetpack_publicize_feature_enabled":true,"jetpack_social_post_already_shared":true,"jetpack_social_options":{"image_generator_settings":{"template":"highway","default_image_id":0,"font":"","enabled":false},"version":2}},"categories":[21,4],"tags":[22,615,616],"class_list":["post-56233","post","type-post","status-publish","format-standard","has-post-thumbnail","hentry","category-aguascalientes","category-gobierno-del-estado-aguascalientes","tag-aguascalientes","tag-gobierno-del-estado-de-aguascalientes","tag-snea"],"jetpack_publicize_connections":[],"jetpack_featured_media_url":"https:\/\/i0.wp.com\/informativoelvalledeaguascalientes.online\/wp-content\/uploads\/2024\/05\/WhatsApp-Image-2024-05-10-at-12.38.41-PM-4.jpeg?fit=1244%2C734&ssl=1","jetpack-related-posts":[],"jetpack_sharing_enabled":true,"jetpack_likes_enabled":true,"_links":{"self":[{"href":"https:\/\/informativoelvalledeaguascalientes.online\/index.php?rest_route=\/wp\/v2\/posts\/56233","targetHints":{"allow":["GET"]}}],"collection":[{"href":"https:\/\/informativoelvalledeaguascalientes.online\/index.php?rest_route=\/wp\/v2\/posts"}],"about":[{"href":"https:\/\/informativoelvalledeaguascalientes.online\/index.php?rest_route=\/wp\/v2\/types\/post"}],"author":[{"embeddable":true,"href":"https:\/\/informativoelvalledeaguascalientes.online\/index.php?rest_route=\/wp\/v2\/users\/1"}],"replies":[{"embeddable":true,"href":"https:\/\/informativoelvalledeaguascalientes.online\/index.php?rest_route=%2Fwp%2Fv2%2Fcomments&post=56233"}],"version-history":[{"count":1,"href":"https:\/\/informativoelvalledeaguascalientes.online\/index.php?rest_route=\/wp\/v2\/posts\/56233\/revisions"}],"predecessor-version":[{"id":56235,"href":"https:\/\/informativoelvalledeaguascalientes.online\/index.php?rest_route=\/wp\/v2\/posts\/56233\/revisions\/56235"}],"wp:featuredmedia":[{"embeddable":true,"href":"https:\/\/informativoelvalledeaguascalientes.online\/index.php?rest_route=\/wp\/v2\/media\/56234"}],"wp:attachment":[{"href":"https:\/\/informativoelvalledeaguascalientes.online\/index.php?rest_route=%2Fwp%2Fv2%2Fmedia&parent=56233"}],"wp:term":[{"taxonomy":"category","embeddable":true,"href":"https:\/\/informativoelvalledeaguascalientes.online\/index.php?rest_route=%2Fwp%2Fv2%2Fcategories&post=56233"},{"taxonomy":"post_tag","embeddable":true,"href":"https:\/\/informativoelvalledeaguascalientes.online\/index.php?rest_route=%2Fwp%2Fv2%2Ftags&post=56233"}],"curies":[{"name":"wp","href":"https:\/\/api.w.org\/{rel}","templated":true}]}}