{"id":56227,"date":"2024-05-10T16:54:42","date_gmt":"2024-05-10T22:54:42","guid":{"rendered":"https:\/\/informativoelvalledeaguascalientes.online\/?p=56227"},"modified":"2024-05-10T16:54:42","modified_gmt":"2024-05-10T22:54:42","slug":"promete-cesar-medina-mejores-vialidades-en-jesus-maria-asi-como-un-gobierno-mas-agil-y-cercano","status":"publish","type":"post","link":"https:\/\/informativoelvalledeaguascalientes.online\/?p=56227","title":{"rendered":"PROMETE C\u00c9SAR MEDINA MEJORES VIALIDADES EN JES\u00daS MAR\u00cdA, AS\u00cd COMO UN GOBIERNO M\u00c1S \u00c1GIL Y CERCANO."},"content":{"rendered":"<p>#informativoelvalledeaguascalientes<\/p>\n<p>#novaradioaguascalientes<\/p>\n<p>#informativoelvalledeaguascalientesll<\/p>\n<p>PROMETE C\u00c9SAR MEDINA MEJORES VIALIDADES EN JES\u00daS MAR\u00cdA, AS\u00cd COMO UN GOBIERNO M\u00c1S \u00c1GIL Y CERCANO.<\/p>\n<p>El candidato a la presidencia municipal de Jes\u00fas Mar\u00eda, por la alianza Fuerza y Coraz\u00f3n por Aguascalientes, C\u00e9sar Medina Cervantes, contin\u00faa recorriendo cada rinc\u00f3n de la cabecera municipal para dar a conocer sus propuestas, mismas que permitir\u00e1n mejorar la calidad de vida de los ciudadanos de Jes\u00fas Mar\u00eda quienes contar\u00e1n con mejores vialidades, as\u00ed como un gobierno m\u00e1s \u00e1gil y cercano.<\/p>\n<p>\u201cNuestro municipio ha crecido a pasos agigantados, hoy est\u00e1n asentados aqu\u00ed m\u00e1s de 200 cotos y condominios, Jes\u00fas Mar\u00eda tiene visi\u00f3n de futuro y as\u00ed seguir\u00e1 siendo\u201d, mencion\u00f3 Cesar Medina durante su encuentro con habitantes de los condominios Alc\u00e1zar y Villa Campestre.<\/p>\n<p>El abanderado por la alianza del PRI, PAN y PRD, mencion\u00f3 que durante su gesti\u00f3n trabajar\u00e1 arduamente para mejorar la infraestructura vial de la ciudad, lo que beneficiar\u00e1 directamente a todos los ciudadanos \u201cvamos a fortalecer la planta productora de asfalto que tiene Jes\u00fas Mar\u00eda, para que se efect\u00faen trabajos de bacheo incluso durante las noches o madrugadas\u201d mencion\u00f3.<\/p>\n<p>Agreg\u00f3, que tambi\u00e9n se va a enfocar en el tema de alumbrado p\u00fablico para que la mayor\u00eda de las luminarias cuenten con luz led, tecnolog\u00eda que garantiza un ahorro energ\u00e9tico superior al 65 % y que ofrecen un rendimiento superior, as\u00ed como la disminuci\u00f3n de actos vand\u00e1licos.<\/p>\n<p>Asimismo, C\u00e9sar Medina mencion\u00f3 que, para reforzar la comunicaci\u00f3n con los habitantes de los distintos cotos de Jes\u00fas Mar\u00eda, propone que un representante del Ayuntamiento tenga representatividad en las asambleas que organizan los cond\u00f3minos, esto con la finalidad de conocer de primera mano sus necesidades y ofrecer soluciones de manera oportuna.<\/p>\n<p>Para un gobierno m\u00e1s \u00e1gil y cercano, Medina Cervantes ofreci\u00f3 la creaci\u00f3n de una app m\u00f3vil para realizar tr\u00e1mites gubernamentales, as\u00ed como la puesta en marcha de una l\u00ednea \u00fanica de atenci\u00f3n, la cual estar\u00e1 acompa\u00f1ada de una l\u00ednea de WhatsApp, lo que abonar\u00e1 a la eficiencia de gubernamental y disminuir\u00e1 los tiempos de respuesta.<\/p>\n","protected":false},"excerpt":{"rendered":"<p>#informativoelvalledeaguascalientes #novaradioaguascalientes #informativoelvalledeaguascalientesll PROMETE C\u00c9SAR MEDINA MEJORES VIALIDADES EN JES\u00daS MAR\u00cdA, AS\u00cd COMO UN GOBIERNO M\u00c1S \u00c1GIL Y CERCANO. El candidato a la presidencia municipal de Jes\u00fas Mar\u00eda, por la alianza Fuerza y Coraz\u00f3n por Aguascalientes, C\u00e9sar Medina Cervantes, contin\u00faa recorriendo cada rinc\u00f3n de la cabecera municipal para dar a conocer sus propuestas, mismas que [&hellip;]<\/p>\n","protected":false},"author":1,"featured_media":56228,"comment_status":"closed","ping_status":"open","sticky":false,"template":"","format":"standard","meta":{"advanced_seo_description":"","jetpack_seo_html_title":"","jetpack_seo_noindex":false,"_jetpack_memberships_contains_paid_content":false,"footnotes":"","jetpack_publicize_message":"","jetpack_publicize_feature_enabled":true,"jetpack_social_post_already_shared":true,"jetpack_social_options":{"image_generator_settings":{"template":"highway","default_image_id":0,"font":"","enabled":false},"version":2}},"categories":[21,762,7],"tags":[22,765,764,665],"class_list":["post-56227","post","type-post","status-publish","format-standard","has-post-thumbnail","hentry","category-aguascalientes","category-elecciones-2024","category-pan-aguascalientes","tag-aguascalientes","tag-cesar-medina","tag-elecciones-2024","tag-pan"],"jetpack_publicize_connections":[],"jetpack_featured_media_url":"https:\/\/i0.wp.com\/informativoelvalledeaguascalientes.online\/wp-content\/uploads\/2024\/05\/WhatsApp-Image-2024-05-10-at-15.10.54.jpeg?fit=1600%2C1064&ssl=1","jetpack-related-posts":[],"jetpack_sharing_enabled":true,"jetpack_likes_enabled":true,"_links":{"self":[{"href":"https:\/\/informativoelvalledeaguascalientes.online\/index.php?rest_route=\/wp\/v2\/posts\/56227","targetHints":{"allow":["GET"]}}],"collection":[{"href":"https:\/\/informativoelvalledeaguascalientes.online\/index.php?rest_route=\/wp\/v2\/posts"}],"about":[{"href":"https:\/\/informativoelvalledeaguascalientes.online\/index.php?rest_route=\/wp\/v2\/types\/post"}],"author":[{"embeddable":true,"href":"https:\/\/informativoelvalledeaguascalientes.online\/index.php?rest_route=\/wp\/v2\/users\/1"}],"replies":[{"embeddable":true,"href":"https:\/\/informativoelvalledeaguascalientes.online\/index.php?rest_route=%2Fwp%2Fv2%2Fcomments&post=56227"}],"version-history":[{"count":1,"href":"https:\/\/informativoelvalledeaguascalientes.online\/index.php?rest_route=\/wp\/v2\/posts\/56227\/revisions"}],"predecessor-version":[{"id":56229,"href":"https:\/\/informativoelvalledeaguascalientes.online\/index.php?rest_route=\/wp\/v2\/posts\/56227\/revisions\/56229"}],"wp:featuredmedia":[{"embeddable":true,"href":"https:\/\/informativoelvalledeaguascalientes.online\/index.php?rest_route=\/wp\/v2\/media\/56228"}],"wp:attachment":[{"href":"https:\/\/informativoelvalledeaguascalientes.online\/index.php?rest_route=%2Fwp%2Fv2%2Fmedia&parent=56227"}],"wp:term":[{"taxonomy":"category","embeddable":true,"href":"https:\/\/informativoelvalledeaguascalientes.online\/index.php?rest_route=%2Fwp%2Fv2%2Fcategories&post=56227"},{"taxonomy":"post_tag","embeddable":true,"href":"https:\/\/informativoelvalledeaguascalientes.online\/index.php?rest_route=%2Fwp%2Fv2%2Ftags&post=56227"}],"curies":[{"name":"wp","href":"https:\/\/api.w.org\/{rel}","templated":true}]}}