{"id":56218,"date":"2024-05-10T16:41:53","date_gmt":"2024-05-10T22:41:53","guid":{"rendered":"https:\/\/informativoelvalledeaguascalientes.online\/?p=56218"},"modified":"2024-05-10T16:41:53","modified_gmt":"2024-05-10T22:41:53","slug":"las-madres-jefas-de-familia-exigen-politicas-publicas-que-las-apoyen","status":"publish","type":"post","link":"https:\/\/informativoelvalledeaguascalientes.online\/?p=56218","title":{"rendered":"LAS MADRES JEFAS DE FAMILIA EXIGEN POL\u00cdTICAS PUBLICAS QUE LAS APOYEN"},"content":{"rendered":"<p>#informativoelvalledeaguascalientes<\/p>\n<p>#novaradioaguascalientes<\/p>\n<p>#informativoelvalledeaguascalientesll<\/p>\n<p>\u2022 Las escuelas de tiempo completo son necesarias<br \/>\n\u2022 Que regresen las estancias infantiles<br \/>\n\u2022 Se debe ofrecer capacitaci\u00f3n y subsidios para poner su propio negocio<\/p>\n<p>En el D\u00eda de la Madre, el candidato al Senado de la Rep\u00fablica por Aguascalientes, To\u00f1o Mart\u00edn del Campo record\u00f3 que gran parte de sus propuestas son para mejorar las condiciones de vida de las madres jefas de familia.<br \/>\nIndic\u00f3 que es indispensable recuperar las escuelas de tiempo completo por varias razones: primero, porque, los ni\u00f1os reciben un desayuno caliente, que en muchos casos es su primer alimento del d\u00eda; y en segundo lugar, porque sus madres tienen el tiempo suficiente para acceder a un trabajo formal.<br \/>\nAdem\u00e1s, coment\u00f3 que las estancias infantiles es un programa probado que tambi\u00e9n apoyaba a las familias con el cuidado de sus ni\u00f1os peque\u00f1os que ten\u00edan acceso a una atenci\u00f3n profesional, al desarrollo integral a una temprana edad y a la nutrici\u00f3n b\u00e1sica que requiere cualquier infante.<br \/>\nExplic\u00f3 que, desde que este gobierno desapareci\u00f3 estos programas, son muchas las mam\u00e1s que tuvieron que dejar su trabajo para dedicarse al cuidado de sus hijos, lo que les perjudic\u00f3 econ\u00f3micamente y a los ni\u00f1os en su desarrollo y en algunos estados, incluso en su nutrici\u00f3n.<br \/>\nTo\u00f1o Mart\u00edn del Campo agreg\u00f3 que las madres requieren una independencia econ\u00f3mica y por lo tanto, requieren de pol\u00edticas p\u00fablicas que les fomenten el autoempleo y la creaci\u00f3n de micronegocios, como los que ya tiene SIFIA en Aguascalientes, pero que en el resto del pa\u00eds dejaron de existir.<\/p>\n<p>Se\u00f1al\u00f3 que los cr\u00e9ditos blandos para la creaci\u00f3n de su propia empresa, el acompa\u00f1amiento en el proceso y la constante capacitaci\u00f3n, son factores que ayudar\u00e1n a las mam\u00e1s a salir adelante. Son subsidios bien enfocados por parte del gobierno que no representan un gasto presupuestal importante, pero para las familias, pueden significar todo su sustento.<br \/>\nEs as\u00ed que el candidato, se pronunci\u00f3 a favor de impulsar los apoyos a las mujeres, especialmente a quienes ya son madres y son jefas de familia.<\/p>\n<p>&nbsp;<\/p>\n","protected":false},"excerpt":{"rendered":"<p>#informativoelvalledeaguascalientes #novaradioaguascalientes #informativoelvalledeaguascalientesll \u2022 Las escuelas de tiempo completo son necesarias \u2022 Que regresen las estancias infantiles \u2022 Se debe ofrecer capacitaci\u00f3n y subsidios para poner su propio negocio En el D\u00eda de la Madre, el candidato al Senado de la Rep\u00fablica por Aguascalientes, To\u00f1o Mart\u00edn del Campo record\u00f3 que gran parte de sus propuestas [&hellip;]<\/p>\n","protected":false},"author":1,"featured_media":56219,"comment_status":"closed","ping_status":"open","sticky":false,"template":"","format":"standard","meta":{"advanced_seo_description":"","jetpack_seo_html_title":"","jetpack_seo_noindex":false,"_jetpack_memberships_contains_paid_content":false,"footnotes":"","jetpack_publicize_message":"","jetpack_publicize_feature_enabled":true,"jetpack_social_post_already_shared":true,"jetpack_social_options":{"image_generator_settings":{"template":"highway","default_image_id":0,"font":"","enabled":false},"version":2}},"categories":[21,762,7],"tags":[22,764,665,49],"class_list":["post-56218","post","type-post","status-publish","format-standard","has-post-thumbnail","hentry","category-aguascalientes","category-elecciones-2024","category-pan-aguascalientes","tag-aguascalientes","tag-elecciones-2024","tag-pan","tag-tono-martin-del-campo"],"jetpack_publicize_connections":[],"jetpack_featured_media_url":"https:\/\/i0.wp.com\/informativoelvalledeaguascalientes.online\/wp-content\/uploads\/2024\/05\/WhatsApp-Image-2024-05-10-at-14.13.39.jpeg?fit=1271%2C629&ssl=1","jetpack-related-posts":[],"jetpack_sharing_enabled":true,"jetpack_likes_enabled":true,"_links":{"self":[{"href":"https:\/\/informativoelvalledeaguascalientes.online\/index.php?rest_route=\/wp\/v2\/posts\/56218","targetHints":{"allow":["GET"]}}],"collection":[{"href":"https:\/\/informativoelvalledeaguascalientes.online\/index.php?rest_route=\/wp\/v2\/posts"}],"about":[{"href":"https:\/\/informativoelvalledeaguascalientes.online\/index.php?rest_route=\/wp\/v2\/types\/post"}],"author":[{"embeddable":true,"href":"https:\/\/informativoelvalledeaguascalientes.online\/index.php?rest_route=\/wp\/v2\/users\/1"}],"replies":[{"embeddable":true,"href":"https:\/\/informativoelvalledeaguascalientes.online\/index.php?rest_route=%2Fwp%2Fv2%2Fcomments&post=56218"}],"version-history":[{"count":1,"href":"https:\/\/informativoelvalledeaguascalientes.online\/index.php?rest_route=\/wp\/v2\/posts\/56218\/revisions"}],"predecessor-version":[{"id":56220,"href":"https:\/\/informativoelvalledeaguascalientes.online\/index.php?rest_route=\/wp\/v2\/posts\/56218\/revisions\/56220"}],"wp:featuredmedia":[{"embeddable":true,"href":"https:\/\/informativoelvalledeaguascalientes.online\/index.php?rest_route=\/wp\/v2\/media\/56219"}],"wp:attachment":[{"href":"https:\/\/informativoelvalledeaguascalientes.online\/index.php?rest_route=%2Fwp%2Fv2%2Fmedia&parent=56218"}],"wp:term":[{"taxonomy":"category","embeddable":true,"href":"https:\/\/informativoelvalledeaguascalientes.online\/index.php?rest_route=%2Fwp%2Fv2%2Fcategories&post=56218"},{"taxonomy":"post_tag","embeddable":true,"href":"https:\/\/informativoelvalledeaguascalientes.online\/index.php?rest_route=%2Fwp%2Fv2%2Ftags&post=56218"}],"curies":[{"name":"wp","href":"https:\/\/api.w.org\/{rel}","templated":true}]}}