{"id":56205,"date":"2024-05-09T22:33:26","date_gmt":"2024-05-10T04:33:26","guid":{"rendered":"https:\/\/informativoelvalledeaguascalientes.online\/?p=56205"},"modified":"2024-05-09T22:33:26","modified_gmt":"2024-05-10T04:33:26","slug":"el-carino-de-las-madres-guia-a-aguascalientes-tere-jimenez","status":"publish","type":"post","link":"https:\/\/informativoelvalledeaguascalientes.online\/?p=56205","title":{"rendered":"EL CARI\u00d1O DE LAS MADRES GU\u00cdA A AGUASCALIENTES: TERE JIM\u00c9NEZ"},"content":{"rendered":"<p>#informativoelvalledeaguascalientes<\/p>\n<p>#novaradioaguascalientes<\/p>\n<p>#informativoelvalledeaguascalientesll<\/p>\n<p>#ElGiganteDeMexico<\/p>\n<div class=\"siSdJK4 comp-l7sh9ubx\" data-hook=\"ricosviewer-wrapper\">\n<div class=\"U4I07\" dir=\"ltr\" data-id=\"content-viewer\">\n<div class=\"hl-xW\">\n<div>\n<p id=\"viewer-foo\" class=\"-Zro6 -ZADH vVfzz AnCKd _57WYp\"><span class=\"d0767 vVfzz\">Gracias a todo el cari\u00f1o que las mam\u00e1s brindan diariamente a sus familias, Aguascalientes sale adelante, sostuvo la gobernadora Tere Jim\u00e9nez al festejar el D\u00eda de las Madres con habitantes de la zona oriente de la capital del estado.<\/span><\/p>\n<div id=\"viewer-5mxu3118\" class=\"-Zro6 -ZADH vVfzz _57WYp\"><span class=\"d0767 vVfzz\">\u00a0<\/span><\/div>\n<p id=\"viewer-czfzt119\" class=\"-Zro6 -ZADH vVfzz AnCKd _57WYp\"><span class=\"d0767 vVfzz\">La gobernadora coment\u00f3 que el futuro de los ni\u00f1os, ni\u00f1as y j\u00f3venes depende en gran medida de las mam\u00e1s, que son los pilares de la sociedad, pues son quienes organizan los hogares, y si ellas est\u00e1n bien, las familias del estado van a estar mejor.<\/span><\/p>\n<div id=\"viewer-0tdfa121\" class=\"-Zro6 -ZADH vVfzz _57WYp\"><span class=\"d0767 vVfzz\">\u00a0<\/span><\/div>\n<p id=\"viewer-jp6zu122\" class=\"-Zro6 -ZADH vVfzz AnCKd _57WYp\"><span class=\"d0767 vVfzz\">Mencion\u00f3 que ella es un ejemplo de que las ense\u00f1anzas de las madres dejan profundas ra\u00edces; &#8220;por eso tuve la oportunidad de ser la primera gobernadora, porque aprend\u00ed de una mujer y de las mujeres luchonas, que no se dan por vencidas; hay que ense\u00f1arles a las pr\u00f3ximas generaciones que no podemos darnos por vencidos&#8221;, dijo.<\/span><\/p>\n<div id=\"viewer-095mm124\" class=\"-Zro6 -ZADH vVfzz _57WYp\"><span class=\"d0767 vVfzz\">\u00a0<\/span><\/div>\n<p id=\"viewer-hobp2125\" class=\"-Zro6 -ZADH vVfzz AnCKd _57WYp\"><span class=\"d0767 vVfzz\">Tere Jim\u00e9nez dese\u00f3 a las mam\u00e1s que se la pasen muy bien este 10 de mayo; les extern\u00f3 una c\u00e1lida felicitaci\u00f3n, adem\u00e1s de reafirmar su compromiso para trabajar a favor de las madres de familia, a quienes siempre apoyar\u00e1.<\/span><\/p>\n<div id=\"viewer-0pdbl127\" class=\"-Zro6 -ZADH vVfzz _57WYp\"><span class=\"d0767 vVfzz\">\u00a0<\/span><\/div>\n<p id=\"viewer-es0ul128\" class=\"-Zro6 -ZADH vVfzz AnCKd _57WYp\"><span class=\"d0767 vVfzz\">Finalmente, el alcalde de Aguascalientes, Jos\u00e9 Juan S\u00e1nchez Barba, mencion\u00f3 que las mam\u00e1s son muy importantes para las familias, pues son ellas quienes sacan adelante a los hijos, las que est\u00e1n al pendiente de sus necesidades y apoyan a todos sus integrantes para salir adelante.<\/span><\/p>\n<div id=\"viewer-3kkr6130\" class=\"-Zro6 -ZADH IjV6v _57WYp\"><\/div>\n<\/div>\n<\/div>\n<\/div>\n<\/div>\n","protected":false},"excerpt":{"rendered":"<p>#informativoelvalledeaguascalientes #novaradioaguascalientes #informativoelvalledeaguascalientesll #ElGiganteDeMexico Gracias a todo el cari\u00f1o que las mam\u00e1s brindan diariamente a sus familias, Aguascalientes sale adelante, sostuvo la gobernadora Tere Jim\u00e9nez al festejar el D\u00eda de las Madres con habitantes de la zona oriente de la capital del estado. \u00a0 La gobernadora coment\u00f3 que el futuro de los ni\u00f1os, ni\u00f1as y [&hellip;]<\/p>\n","protected":false},"author":1,"featured_media":56206,"comment_status":"closed","ping_status":"open","sticky":false,"template":"","format":"standard","meta":{"advanced_seo_description":"","jetpack_seo_html_title":"","jetpack_seo_noindex":false,"_jetpack_memberships_contains_paid_content":false,"footnotes":"","jetpack_publicize_message":"","jetpack_publicize_feature_enabled":true,"jetpack_social_post_already_shared":true,"jetpack_social_options":{"image_generator_settings":{"template":"highway","default_image_id":0,"font":"","enabled":false},"version":2}},"categories":[21,4],"tags":[22,615],"class_list":["post-56205","post","type-post","status-publish","format-standard","has-post-thumbnail","hentry","category-aguascalientes","category-gobierno-del-estado-aguascalientes","tag-aguascalientes","tag-gobierno-del-estado-de-aguascalientes"],"jetpack_publicize_connections":[],"jetpack_featured_media_url":"https:\/\/i0.wp.com\/informativoelvalledeaguascalientes.online\/wp-content\/uploads\/2024\/05\/440374303_1000210348128834_4347421478548242427_n.jpg?fit=1336%2C891&ssl=1","jetpack-related-posts":[],"jetpack_sharing_enabled":true,"jetpack_likes_enabled":true,"_links":{"self":[{"href":"https:\/\/informativoelvalledeaguascalientes.online\/index.php?rest_route=\/wp\/v2\/posts\/56205","targetHints":{"allow":["GET"]}}],"collection":[{"href":"https:\/\/informativoelvalledeaguascalientes.online\/index.php?rest_route=\/wp\/v2\/posts"}],"about":[{"href":"https:\/\/informativoelvalledeaguascalientes.online\/index.php?rest_route=\/wp\/v2\/types\/post"}],"author":[{"embeddable":true,"href":"https:\/\/informativoelvalledeaguascalientes.online\/index.php?rest_route=\/wp\/v2\/users\/1"}],"replies":[{"embeddable":true,"href":"https:\/\/informativoelvalledeaguascalientes.online\/index.php?rest_route=%2Fwp%2Fv2%2Fcomments&post=56205"}],"version-history":[{"count":1,"href":"https:\/\/informativoelvalledeaguascalientes.online\/index.php?rest_route=\/wp\/v2\/posts\/56205\/revisions"}],"predecessor-version":[{"id":56207,"href":"https:\/\/informativoelvalledeaguascalientes.online\/index.php?rest_route=\/wp\/v2\/posts\/56205\/revisions\/56207"}],"wp:featuredmedia":[{"embeddable":true,"href":"https:\/\/informativoelvalledeaguascalientes.online\/index.php?rest_route=\/wp\/v2\/media\/56206"}],"wp:attachment":[{"href":"https:\/\/informativoelvalledeaguascalientes.online\/index.php?rest_route=%2Fwp%2Fv2%2Fmedia&parent=56205"}],"wp:term":[{"taxonomy":"category","embeddable":true,"href":"https:\/\/informativoelvalledeaguascalientes.online\/index.php?rest_route=%2Fwp%2Fv2%2Fcategories&post=56205"},{"taxonomy":"post_tag","embeddable":true,"href":"https:\/\/informativoelvalledeaguascalientes.online\/index.php?rest_route=%2Fwp%2Fv2%2Ftags&post=56205"}],"curies":[{"name":"wp","href":"https:\/\/api.w.org\/{rel}","templated":true}]}}