{"id":56170,"date":"2024-05-08T22:25:06","date_gmt":"2024-05-09T04:25:06","guid":{"rendered":"https:\/\/informativoelvalledeaguascalientes.online\/?p=56170"},"modified":"2024-05-08T22:25:06","modified_gmt":"2024-05-09T04:25:06","slug":"laura-ponce-impulsara-que-un-contacto-directo-del-municipio-participe-en-asambleas-vecinales-o-de-colonos","status":"publish","type":"post","link":"https:\/\/informativoelvalledeaguascalientes.online\/?p=56170","title":{"rendered":"Laura Ponce impulsar\u00e1 que un contacto directo del municipio participe en asambleas vecinales o de colonos"},"content":{"rendered":"<p>#informativoelvalledeaguascalientes<\/p>\n<p>#novaradioaguascalientes<\/p>\n<p>#informativoelvalledeaguascalientesll<\/p>\n<p>&nbsp;<\/p>\n<p><strong>\u00a0<\/strong><\/p>\n<ul>\n<li>Hizo recorrido vecinal en La Cardona, La Providencia y Agua Clara.<\/li>\n<li>Estuvo presente junto con C\u00e9sar Medina, en reuni\u00f3n vecinal en la colonia Buenavista<\/li>\n<li>Visit\u00f3 la empresa Agroindustria de Aguascalientes<\/li>\n<li>Se reuni\u00f3 con deportistas<\/li>\n<\/ul>\n<p>&nbsp;<\/p>\n<p>Durante sus actividades de campa\u00f1a, la candidata por el distrito 7 comparti\u00f3 sus propuestas con las y los habitantes de Jes\u00fas Mar\u00eda, escuchando tambi\u00e9n sus necesidades y problem\u00e1ticas. Platic\u00f3 de su propuesta para que en cada asamblea vecinal o de colonos, se establezca un contacto directo del municipio para que participe en dichas reuniones, con el objetivo de atender las necesidades y problem\u00e1ticas que se presenten en torno a los servicios p\u00fablicos. \u201cSabemos de la importancia de que el gobierno trabaje de la mano de la sociedad, para hacer equipo y seguir avanzando, cuenten conmigo para que as\u00ed sea\u201d, expres\u00f3 Laura Ponce.<\/p>\n<p>&nbsp;<\/p>\n<p>En Agroindustria de Aguascalientes platic\u00f3 con las y los trabajadores acerca de su experiencia de vida. \u201cDurante muchos a\u00f1os tambi\u00e9n trabaj\u00e9 en empresas privadas, y entiendo de las necesidades que se tienen, cuenten conmigo para legislar a favor de las y los empleados\u201d, puntualiz\u00f3 la candidata por el PAN.<\/p>\n<p>&nbsp;<\/p>\n<p>As\u00ed mismo, visit\u00f3 la colonia Buenavista en reuni\u00f3n vecinal y asisti\u00f3 a un evento deportivo con beisbolistas junto con C\u00e9sar Medina, en donde dialog\u00f3 con ellos acerca de la importancia del deporte en Jes\u00fas Mar\u00eda.<\/p>\n","protected":false},"excerpt":{"rendered":"<p>#informativoelvalledeaguascalientes #novaradioaguascalientes #informativoelvalledeaguascalientesll &nbsp; \u00a0 Hizo recorrido vecinal en La Cardona, La Providencia y Agua Clara. Estuvo presente junto con C\u00e9sar Medina, en reuni\u00f3n vecinal en la colonia Buenavista Visit\u00f3 la empresa Agroindustria de Aguascalientes Se reuni\u00f3 con deportistas &nbsp; Durante sus actividades de campa\u00f1a, la candidata por el distrito 7 comparti\u00f3 sus propuestas con [&hellip;]<\/p>\n","protected":false},"author":1,"featured_media":56172,"comment_status":"closed","ping_status":"open","sticky":false,"template":"","format":"standard","meta":{"advanced_seo_description":"","jetpack_seo_html_title":"","jetpack_seo_noindex":false,"_jetpack_memberships_contains_paid_content":false,"footnotes":"","jetpack_publicize_message":"","jetpack_publicize_feature_enabled":true,"jetpack_social_post_already_shared":true,"jetpack_social_options":{"image_generator_settings":{"template":"highway","default_image_id":0,"font":"","enabled":false},"version":2}},"categories":[21,762],"tags":[22,764,763,23],"class_list":["post-56170","post","type-post","status-publish","format-standard","has-post-thumbnail","hentry","category-aguascalientes","category-elecciones-2024","tag-aguascalientes","tag-elecciones-2024","tag-laura-ponce","tag-pan-aguascalientes"],"jetpack_publicize_connections":[],"jetpack_featured_media_url":"https:\/\/i0.wp.com\/informativoelvalledeaguascalientes.online\/wp-content\/uploads\/2024\/05\/cb723bda-639b-46a2-8f72-0a710677320e-scaled.jpg?fit=2560%2C1920&ssl=1","jetpack-related-posts":[],"jetpack_sharing_enabled":true,"jetpack_likes_enabled":true,"_links":{"self":[{"href":"https:\/\/informativoelvalledeaguascalientes.online\/index.php?rest_route=\/wp\/v2\/posts\/56170","targetHints":{"allow":["GET"]}}],"collection":[{"href":"https:\/\/informativoelvalledeaguascalientes.online\/index.php?rest_route=\/wp\/v2\/posts"}],"about":[{"href":"https:\/\/informativoelvalledeaguascalientes.online\/index.php?rest_route=\/wp\/v2\/types\/post"}],"author":[{"embeddable":true,"href":"https:\/\/informativoelvalledeaguascalientes.online\/index.php?rest_route=\/wp\/v2\/users\/1"}],"replies":[{"embeddable":true,"href":"https:\/\/informativoelvalledeaguascalientes.online\/index.php?rest_route=%2Fwp%2Fv2%2Fcomments&post=56170"}],"version-history":[{"count":1,"href":"https:\/\/informativoelvalledeaguascalientes.online\/index.php?rest_route=\/wp\/v2\/posts\/56170\/revisions"}],"predecessor-version":[{"id":56173,"href":"https:\/\/informativoelvalledeaguascalientes.online\/index.php?rest_route=\/wp\/v2\/posts\/56170\/revisions\/56173"}],"wp:featuredmedia":[{"embeddable":true,"href":"https:\/\/informativoelvalledeaguascalientes.online\/index.php?rest_route=\/wp\/v2\/media\/56172"}],"wp:attachment":[{"href":"https:\/\/informativoelvalledeaguascalientes.online\/index.php?rest_route=%2Fwp%2Fv2%2Fmedia&parent=56170"}],"wp:term":[{"taxonomy":"category","embeddable":true,"href":"https:\/\/informativoelvalledeaguascalientes.online\/index.php?rest_route=%2Fwp%2Fv2%2Fcategories&post=56170"},{"taxonomy":"post_tag","embeddable":true,"href":"https:\/\/informativoelvalledeaguascalientes.online\/index.php?rest_route=%2Fwp%2Fv2%2Ftags&post=56170"}],"curies":[{"name":"wp","href":"https:\/\/api.w.org\/{rel}","templated":true}]}}