{"id":56094,"date":"2024-05-07T13:48:42","date_gmt":"2024-05-07T19:48:42","guid":{"rendered":"https:\/\/informativoelvalledeaguascalientes.online\/?p=56094"},"modified":"2024-05-07T13:48:42","modified_gmt":"2024-05-07T19:48:42","slug":"laura-ponce-impulsara-la-movilidad-que-sea-incluyente-con-los-adultos-mayores-y-personas-con-discapacidad","status":"publish","type":"post","link":"https:\/\/informativoelvalledeaguascalientes.online\/?p=56094","title":{"rendered":"Laura Ponce impulsar\u00e1 la movilidad que sea incluyente con los adultos mayores y personas con discapacidad."},"content":{"rendered":"<p>#informativoelvalledeaguascalientes<\/p>\n<p>#novaradioaguascalientes<\/p>\n<p>#informativoelvalledeaguascalientesll<\/p>\n<p>#LaCiudadDeTuVida<\/p>\n<p>\u2022 Hizo recorrido vecinal en Paso Blanco y Lomas de Jes\u00fas Mar\u00eda.<br \/>\n\u2022 Estuvo presente junto con C\u00e9sar Medina, en reuniones vecinales en Mart\u00ednez Andrade y la Rinconada<\/p>\n<p>La candidata panista impulsar\u00e1 desde el Congreso del Estado que el transporte p\u00fablico sea m\u00e1s eficiente, con mayor n\u00famero de rutas que lleguen m\u00e1s lejos. As\u00ed mismo, buscar\u00e1 legislar para que sea incluyente con personas con discapacidad y adultos mayores. \u201cSabemos que Jes\u00fas Mar\u00eda est\u00e1 creciendo mucho, lo cual es bueno porque hay desarrollo, pero tambi\u00e9n el transporte p\u00fablico tiene que ir evolucionando y mejorando para que ninguna comunidad ni colonia se quede atr\u00e1s\u201d, expres\u00f3 Laura Ponce.<\/p>\n<p>Comparti\u00f3 esta propuesta y otras tocando las puertas de las colonias de Paso Blanco y Lomas de Jes\u00fas Mar\u00eda. Termin\u00f3 el d\u00eda escuchando y dialogando con habitantes de Mart\u00ednez Andrade y La Rinconada, en donde cont\u00f3 de su experiencia en el servicio p\u00fablico y c\u00f3mo le ha permitido conocer de primera mano, las necesidades de Jes\u00fas Mar\u00eda. \u201cEs por esta experiencia que reconozco la importancia de contar con representantes y funcionarios p\u00fablicos que defiendan los derechos de la gente y busquen mejorar sus condiciones de vida\u201d, finaliz\u00f3 la candidata a diputada local.<\/p>\n","protected":false},"excerpt":{"rendered":"<p>#informativoelvalledeaguascalientes #novaradioaguascalientes #informativoelvalledeaguascalientesll #LaCiudadDeTuVida \u2022 Hizo recorrido vecinal en Paso Blanco y Lomas de Jes\u00fas Mar\u00eda. \u2022 Estuvo presente junto con C\u00e9sar Medina, en reuniones vecinales en Mart\u00ednez Andrade y la Rinconada La candidata panista impulsar\u00e1 desde el Congreso del Estado que el transporte p\u00fablico sea m\u00e1s eficiente, con mayor n\u00famero de rutas que lleguen [&hellip;]<\/p>\n","protected":false},"author":1,"featured_media":56095,"comment_status":"closed","ping_status":"open","sticky":false,"template":"","format":"standard","meta":{"advanced_seo_description":"","jetpack_seo_html_title":"","jetpack_seo_noindex":false,"_jetpack_memberships_contains_paid_content":false,"footnotes":"","jetpack_publicize_message":"","jetpack_publicize_feature_enabled":true,"jetpack_social_post_already_shared":true,"jetpack_social_options":{"image_generator_settings":{"template":"highway","default_image_id":0,"font":"","enabled":false},"version":2}},"categories":[21,762,7],"tags":[22,764,763,665],"class_list":["post-56094","post","type-post","status-publish","format-standard","has-post-thumbnail","hentry","category-aguascalientes","category-elecciones-2024","category-pan-aguascalientes","tag-aguascalientes","tag-elecciones-2024","tag-laura-ponce","tag-pan"],"jetpack_publicize_connections":[],"jetpack_featured_media_url":"https:\/\/i0.wp.com\/informativoelvalledeaguascalientes.online\/wp-content\/uploads\/2024\/05\/WhatsApp-Image-2024-05-07-at-07.06.03.jpeg?fit=1600%2C1200&ssl=1","jetpack-related-posts":[],"jetpack_sharing_enabled":true,"jetpack_likes_enabled":true,"_links":{"self":[{"href":"https:\/\/informativoelvalledeaguascalientes.online\/index.php?rest_route=\/wp\/v2\/posts\/56094","targetHints":{"allow":["GET"]}}],"collection":[{"href":"https:\/\/informativoelvalledeaguascalientes.online\/index.php?rest_route=\/wp\/v2\/posts"}],"about":[{"href":"https:\/\/informativoelvalledeaguascalientes.online\/index.php?rest_route=\/wp\/v2\/types\/post"}],"author":[{"embeddable":true,"href":"https:\/\/informativoelvalledeaguascalientes.online\/index.php?rest_route=\/wp\/v2\/users\/1"}],"replies":[{"embeddable":true,"href":"https:\/\/informativoelvalledeaguascalientes.online\/index.php?rest_route=%2Fwp%2Fv2%2Fcomments&post=56094"}],"version-history":[{"count":1,"href":"https:\/\/informativoelvalledeaguascalientes.online\/index.php?rest_route=\/wp\/v2\/posts\/56094\/revisions"}],"predecessor-version":[{"id":56096,"href":"https:\/\/informativoelvalledeaguascalientes.online\/index.php?rest_route=\/wp\/v2\/posts\/56094\/revisions\/56096"}],"wp:featuredmedia":[{"embeddable":true,"href":"https:\/\/informativoelvalledeaguascalientes.online\/index.php?rest_route=\/wp\/v2\/media\/56095"}],"wp:attachment":[{"href":"https:\/\/informativoelvalledeaguascalientes.online\/index.php?rest_route=%2Fwp%2Fv2%2Fmedia&parent=56094"}],"wp:term":[{"taxonomy":"category","embeddable":true,"href":"https:\/\/informativoelvalledeaguascalientes.online\/index.php?rest_route=%2Fwp%2Fv2%2Fcategories&post=56094"},{"taxonomy":"post_tag","embeddable":true,"href":"https:\/\/informativoelvalledeaguascalientes.online\/index.php?rest_route=%2Fwp%2Fv2%2Ftags&post=56094"}],"curies":[{"name":"wp","href":"https:\/\/api.w.org\/{rel}","templated":true}]}}