{"id":56071,"date":"2024-05-06T19:58:04","date_gmt":"2024-05-07T01:58:04","guid":{"rendered":"https:\/\/informativoelvalledeaguascalientes.online\/?p=56071"},"modified":"2024-05-06T19:58:04","modified_gmt":"2024-05-07T01:58:04","slug":"presenta-tono-martin-del-campo-propuestas-para-mejorar-la-educacion","status":"publish","type":"post","link":"https:\/\/informativoelvalledeaguascalientes.online\/?p=56071","title":{"rendered":"PRESENTA TO\u00d1O MART\u00cdN DEL CAMPO PROPUESTAS PARA MEJORAR LA EDUCACI\u00d3N"},"content":{"rendered":"<p>#informativoelvalledeaguascalientes<\/p>\n<p>#novaradioaguascalientes<\/p>\n<p>#informativoelvalledeaguascalientesll<\/p>\n<p>\u2022 Indispensable recuperar escuelas de tiempo completo<br \/>\n\u2022 Que se eval\u00faen los resultados acad\u00e9micos para mejorar<br \/>\n\u2022 Internet para todos y fortalecer la infraestructura educativa<\/p>\n<p>La educaci\u00f3n en M\u00e9xico solo mejorar\u00e1 si se eval\u00faa y se tienen indicadores reales del aprovechamiento de los estudiantes, sostuvo el candidato al Senado de la Rep\u00fablica por Aguascalientes, To\u00f1o Mart\u00edn del Campo, quien se\u00f1al\u00f3 que al Gobierno Federal no le gustan las evaluaciones pues tal parece que ha sacado a M\u00e9xico de la prueba PISA que realiza de forma bianual la OCDE.<br \/>\nAcompa\u00f1ado por l\u00edderes de opini\u00f3n en materia educativa, To\u00f1o Mart\u00edn del Campo indic\u00f3 que los indicadores internacionales que arrojan los mecanismos de evaluaci\u00f3n le permiten a la autoridad educativa trazar una ruta cr\u00edtica para mejorar en la calidad educativa, de lo contrario, \u201clo que no se mide, no se puede mejorar\u201d por lo que se manifest\u00f3 a favor de que M\u00e9xico sea nuevamente evaluado.<\/p>\n<p>A\u00f1adi\u00f3 que en este gobierno se desaparecieron las escuelas de tiempo completo afectando a millones de estudiantes y madres jefas de familia que ten\u00edan acceso a un empleo formal y los alumnos ten\u00edan un desayuno caliente y actividades extraescolares que les permit\u00edan un mejor desarrollo que estar fuera de las escuelas. Por lo tanto, el candidato indic\u00f3 que se luchar\u00e1 con X\u00f3chitl G\u00e1lvez para que recuperar este programa de gran beneficio para las familias de escasos recursos.<br \/>\nPor otro lado, indic\u00f3 que las escuelas de educaci\u00f3n b\u00e1sica requieren ser atendidas en materia de mantenimiento y tecnolog\u00eda para que los alumnos cuenten con instalaciones dignas y acceso a internet que les permita realizar diversas actividades acad\u00e9micas.<br \/>\nEn cuanto al nivel licenciatura, declar\u00f3 que insistir\u00e1 en su iniciativa para que los t\u00edtulos y menciones honor\u00edficas que otorgan las universidades no tengan costo extra a lo que ya se por colegiaturas, inscripciones y otros conceptos. Lo anterior, indic\u00f3, porque no es justo que por cuestiones econ\u00f3micas la juventud deje de estudiar o de titularse.<br \/>\nEn este sentido se pronunci\u00f3 a favor de fortalecer el sistema de becas en todos los niveles educativos que incentiven a quienes tengan mejor rendimiento acad\u00e9mico, que tengan rendimiento deportivo o talento art\u00edstico, o incluso, a quienes requieran de recursos econ\u00f3micos para mantenerse en el sistema educativo.<\/p>\n<p>Estas propuestas fueron elaboradas y apoyadas por l\u00edderes de opini\u00f3n en materia educativa que acompa\u00f1aron al candidato en la conferencia de prensa: H\u00e9ctor J. S\u00e1nchez Espinosa, Presidente Estatal de Colegios Particulares; Mtra. Ana Paulina Alonso, Directora del Colegio Tepeyac; Prof. Juan Manuel Ortega, Director del Col. New World; Mtra. Yolanda Montoya, Directora del Centro Educativo Cervantes y el Prof. Jos\u00e9 Antonio Lugo Medina, Director de la Asociaci\u00f3n Evoluci\u00f3n.<\/p>\n","protected":false},"excerpt":{"rendered":"<p>#informativoelvalledeaguascalientes #novaradioaguascalientes #informativoelvalledeaguascalientesll \u2022 Indispensable recuperar escuelas de tiempo completo \u2022 Que se eval\u00faen los resultados acad\u00e9micos para mejorar \u2022 Internet para todos y fortalecer la infraestructura educativa La educaci\u00f3n en M\u00e9xico solo mejorar\u00e1 si se eval\u00faa y se tienen indicadores reales del aprovechamiento de los estudiantes, sostuvo el candidato al Senado de la Rep\u00fablica [&hellip;]<\/p>\n","protected":false},"author":1,"featured_media":56072,"comment_status":"closed","ping_status":"open","sticky":false,"template":"","format":"standard","meta":{"advanced_seo_description":"","jetpack_seo_html_title":"","jetpack_seo_noindex":false,"_jetpack_memberships_contains_paid_content":false,"footnotes":"","jetpack_publicize_message":"","jetpack_publicize_feature_enabled":true,"jetpack_social_post_already_shared":true,"jetpack_social_options":{"image_generator_settings":{"template":"highway","default_image_id":0,"font":"","enabled":false},"version":2}},"categories":[21,762,7],"tags":[22,764,665,49],"class_list":["post-56071","post","type-post","status-publish","format-standard","has-post-thumbnail","hentry","category-aguascalientes","category-elecciones-2024","category-pan-aguascalientes","tag-aguascalientes","tag-elecciones-2024","tag-pan","tag-tono-martin-del-campo"],"jetpack_publicize_connections":[],"jetpack_featured_media_url":"https:\/\/i0.wp.com\/informativoelvalledeaguascalientes.online\/wp-content\/uploads\/2024\/05\/WhatsApp-Image-2024-05-06-at-19.33.29.jpeg?fit=1200%2C1600&ssl=1","jetpack-related-posts":[],"jetpack_sharing_enabled":true,"jetpack_likes_enabled":true,"_links":{"self":[{"href":"https:\/\/informativoelvalledeaguascalientes.online\/index.php?rest_route=\/wp\/v2\/posts\/56071","targetHints":{"allow":["GET"]}}],"collection":[{"href":"https:\/\/informativoelvalledeaguascalientes.online\/index.php?rest_route=\/wp\/v2\/posts"}],"about":[{"href":"https:\/\/informativoelvalledeaguascalientes.online\/index.php?rest_route=\/wp\/v2\/types\/post"}],"author":[{"embeddable":true,"href":"https:\/\/informativoelvalledeaguascalientes.online\/index.php?rest_route=\/wp\/v2\/users\/1"}],"replies":[{"embeddable":true,"href":"https:\/\/informativoelvalledeaguascalientes.online\/index.php?rest_route=%2Fwp%2Fv2%2Fcomments&post=56071"}],"version-history":[{"count":1,"href":"https:\/\/informativoelvalledeaguascalientes.online\/index.php?rest_route=\/wp\/v2\/posts\/56071\/revisions"}],"predecessor-version":[{"id":56073,"href":"https:\/\/informativoelvalledeaguascalientes.online\/index.php?rest_route=\/wp\/v2\/posts\/56071\/revisions\/56073"}],"wp:featuredmedia":[{"embeddable":true,"href":"https:\/\/informativoelvalledeaguascalientes.online\/index.php?rest_route=\/wp\/v2\/media\/56072"}],"wp:attachment":[{"href":"https:\/\/informativoelvalledeaguascalientes.online\/index.php?rest_route=%2Fwp%2Fv2%2Fmedia&parent=56071"}],"wp:term":[{"taxonomy":"category","embeddable":true,"href":"https:\/\/informativoelvalledeaguascalientes.online\/index.php?rest_route=%2Fwp%2Fv2%2Fcategories&post=56071"},{"taxonomy":"post_tag","embeddable":true,"href":"https:\/\/informativoelvalledeaguascalientes.online\/index.php?rest_route=%2Fwp%2Fv2%2Ftags&post=56071"}],"curies":[{"name":"wp","href":"https:\/\/api.w.org\/{rel}","templated":true}]}}