{"id":56053,"date":"2024-05-06T19:11:18","date_gmt":"2024-05-07T01:11:18","guid":{"rendered":"https:\/\/informativoelvalledeaguascalientes.online\/?p=56053"},"modified":"2024-05-06T19:11:18","modified_gmt":"2024-05-07T01:11:18","slug":"2-de-junio-determinante-para-cambiar-el-rumbo-del-pais-cesar-medina","status":"publish","type":"post","link":"https:\/\/informativoelvalledeaguascalientes.online\/?p=56053","title":{"rendered":"2 DE JUNIO, DETERMINANTE PARA CAMBIAR EL RUMBO DEL PA\u00cdS: C\u00c9SAR MEDINA"},"content":{"rendered":"<p>#informativoelvalledeaguascalientes<\/p>\n<p>#novaradioaguascalientes<\/p>\n<p>#informativoelvalledeaguascalientesll<\/p>\n<p>El pr\u00f3ximo 2 de junio es un d\u00eda de vital importancia para Jes\u00fas Mar\u00eda y para todos M\u00e9xico, queremos ser parte del cambio que el pa\u00eds necesita, sostuvo C\u00e9sar Medina Cervantes, candidato de la Coalici\u00f3n Fuerza y Coraz\u00f3n por Aguascalientes, durante un encuentro con trabajadores de la empresa Industpack.<\/p>\n<p>En esta reuni\u00f3n, Medina Cervantes present\u00f3 sus propuestas acompa\u00f1ado del candidato a senador To\u00f1o Mart\u00edn del Campo, as\u00ed como de las candidatas a diputadas locales, Bety Montoya y Laura Ponce, del cuarto y s\u00e9ptimo distritos respectivamente; y de Humberto Ambriz, candidato a diputado federal por el primer distrito.<\/p>\n<p>C\u00e9sar Medina sostuvo que este 2 de junio ser\u00e1 un d\u00eda muy importante no s\u00f3lo para Jes\u00fas Mar\u00eda, tambi\u00e9n para todo el pa\u00eds, &#8220;la verdad es que estamos buscando que el gobierno federal cambie y que tengamos lo mismo que ten\u00edamos antes, hoy tenemos cero pesos para seguridad p\u00fablica, tenemos cero pesos para cultura, cero pesos para deporte, mientras que antes el municipio recib\u00eda recursos, gracias a los cuales se hicieron espacios como la Casa de M\u00fasica, las Academias Deportivas, se rehabilitaron el Parque de B\u00e9isbol y el Lienzo Charro&#8221; dijo.<\/p>\n<p>A\u00f1adi\u00f3 que hoy no se cuenta con el respaldo de la federaci\u00f3n y por eso es muy importante tambi\u00e9n el voto para Xochitl G\u00e1lvez, quien ha ido repuntando en las encuestas &#8220;y lo que aqu\u00ed en Aguascalientes sumemos a nivel nacional va a ser determinante para cambiar el rumbo del pa\u00eds&#8221; afirm\u00f3.<\/p>\n<p>De igual forma pidi\u00f3 el apoyo para los candidatos de la Coalici\u00f3n Fuerza y Coraz\u00f3n por Aguascalientes &#8220;este 2 de junio es vital, nos van a dar cinco boletas y es importante que votemos por los candidatos de Fuerza y Coraz\u00f3n por Aguascalientes, cuenten con nosotros para hacer equipo&#8221; finaliz\u00f3.<\/p>\n","protected":false},"excerpt":{"rendered":"<p>#informativoelvalledeaguascalientes #novaradioaguascalientes #informativoelvalledeaguascalientesll El pr\u00f3ximo 2 de junio es un d\u00eda de vital importancia para Jes\u00fas Mar\u00eda y para todos M\u00e9xico, queremos ser parte del cambio que el pa\u00eds necesita, sostuvo C\u00e9sar Medina Cervantes, candidato de la Coalici\u00f3n Fuerza y Coraz\u00f3n por Aguascalientes, durante un encuentro con trabajadores de la empresa Industpack. En esta reuni\u00f3n, [&hellip;]<\/p>\n","protected":false},"author":1,"featured_media":56054,"comment_status":"closed","ping_status":"open","sticky":false,"template":"","format":"standard","meta":{"advanced_seo_description":"","jetpack_seo_html_title":"","jetpack_seo_noindex":false,"_jetpack_memberships_contains_paid_content":false,"footnotes":"","jetpack_publicize_message":"","jetpack_publicize_feature_enabled":true,"jetpack_social_post_already_shared":true,"jetpack_social_options":{"image_generator_settings":{"template":"highway","default_image_id":0,"font":"","enabled":false},"version":2}},"categories":[21,762,7],"tags":[22,765,764,665],"class_list":["post-56053","post","type-post","status-publish","format-standard","has-post-thumbnail","hentry","category-aguascalientes","category-elecciones-2024","category-pan-aguascalientes","tag-aguascalientes","tag-cesar-medina","tag-elecciones-2024","tag-pan"],"jetpack_publicize_connections":[],"jetpack_featured_media_url":"https:\/\/i0.wp.com\/informativoelvalledeaguascalientes.online\/wp-content\/uploads\/2024\/05\/WhatsApp-Image-2024-05-06-at-16.04.52-scaled.jpeg?fit=2560%2C1706&ssl=1","jetpack-related-posts":[],"jetpack_sharing_enabled":true,"jetpack_likes_enabled":true,"_links":{"self":[{"href":"https:\/\/informativoelvalledeaguascalientes.online\/index.php?rest_route=\/wp\/v2\/posts\/56053","targetHints":{"allow":["GET"]}}],"collection":[{"href":"https:\/\/informativoelvalledeaguascalientes.online\/index.php?rest_route=\/wp\/v2\/posts"}],"about":[{"href":"https:\/\/informativoelvalledeaguascalientes.online\/index.php?rest_route=\/wp\/v2\/types\/post"}],"author":[{"embeddable":true,"href":"https:\/\/informativoelvalledeaguascalientes.online\/index.php?rest_route=\/wp\/v2\/users\/1"}],"replies":[{"embeddable":true,"href":"https:\/\/informativoelvalledeaguascalientes.online\/index.php?rest_route=%2Fwp%2Fv2%2Fcomments&post=56053"}],"version-history":[{"count":1,"href":"https:\/\/informativoelvalledeaguascalientes.online\/index.php?rest_route=\/wp\/v2\/posts\/56053\/revisions"}],"predecessor-version":[{"id":56055,"href":"https:\/\/informativoelvalledeaguascalientes.online\/index.php?rest_route=\/wp\/v2\/posts\/56053\/revisions\/56055"}],"wp:featuredmedia":[{"embeddable":true,"href":"https:\/\/informativoelvalledeaguascalientes.online\/index.php?rest_route=\/wp\/v2\/media\/56054"}],"wp:attachment":[{"href":"https:\/\/informativoelvalledeaguascalientes.online\/index.php?rest_route=%2Fwp%2Fv2%2Fmedia&parent=56053"}],"wp:term":[{"taxonomy":"category","embeddable":true,"href":"https:\/\/informativoelvalledeaguascalientes.online\/index.php?rest_route=%2Fwp%2Fv2%2Fcategories&post=56053"},{"taxonomy":"post_tag","embeddable":true,"href":"https:\/\/informativoelvalledeaguascalientes.online\/index.php?rest_route=%2Fwp%2Fv2%2Ftags&post=56053"}],"curies":[{"name":"wp","href":"https:\/\/api.w.org\/{rel}","templated":true}]}}