{"id":56047,"date":"2024-05-06T19:01:44","date_gmt":"2024-05-07T01:01:44","guid":{"rendered":"https:\/\/informativoelvalledeaguascalientes.online\/?p=56047"},"modified":"2024-06-02T13:48:10","modified_gmt":"2024-06-02T19:48:10","slug":"deportista-master-de-aguascalientes-obtuvo-primer-lugar-en-competencia-nacional-de-atletismo","status":"publish","type":"post","link":"https:\/\/informativoelvalledeaguascalientes.online\/?p=56047","title":{"rendered":"DEPORTISTA M\u00c1STER DE AGUASCALIENTES OBTUVO PRIMER LUGAR EN COMPETENCIA NACIONAL DE ATLETISMO"},"content":{"rendered":"<p>#informativoelvalledeaguascalientes<\/p>\n<p>#novaradioaguascalientes<\/p>\n<p>#informativoelvalledeaguascalientesll<\/p>\n<p>#ElGiganteDeMexico<\/p>\n<div class=\"siSdJK4 comp-l7sh9ubx\" data-hook=\"ricosviewer-wrapper\">\n<div class=\"U4I07\" dir=\"ltr\" data-id=\"content-viewer\">\n<div class=\"hl-xW\">\n<div>\n<p id=\"viewer-foo\" class=\"-Zro6 -ZADH vVfzz AnCKd _57WYp\"><span class=\"d0767 vVfzz\">El Gobierno del Estado informa que Sa\u00fal Loya, deportista aguascalentense, obtuvo el primer lugar en el Estatal de Pista y Campo de M\u00e1sters que se realiz\u00f3 en la ciudad de Chihuahua.<\/span><\/p>\n<div id=\"viewer-bak3s113\" class=\"-Zro6 -ZADH vVfzz _57WYp\"><span class=\"d0767 vVfzz\">\u00a0<\/span><\/div>\n<p id=\"viewer-af29p114\" class=\"-Zro6 -ZADH vVfzz AnCKd _57WYp\"><span class=\"d0767 vVfzz\">En una emocionante competencia, Sa\u00fal Loya demostr\u00f3 su destreza y dedicaci\u00f3n al conquistar el primer lugar sobre los locales y otros participantes del norte del pa\u00eds en la prueba de 3 mil metros Marcha Varonil,\u00a0 categor\u00eda de 60-64 a\u00f1os.<\/span><\/p>\n<div id=\"viewer-vsvlc116\" class=\"-Zro6 -ZADH vVfzz _57WYp\"><span class=\"d0767 vVfzz\">\u00a0<\/span><\/div>\n<p id=\"viewer-wkvom117\" class=\"-Zro6 -ZADH vVfzz AnCKd _57WYp\"><span class=\"d0767 vVfzz\">Este notable logro es un reflejo del arduo entrenamiento y la pasi\u00f3n que Sa\u00fal ha dedicado a su disciplina, por lo que hoy mantiene la mirada puesta en el pr\u00f3ximo nacional que se celebrar\u00e1 en Durango del 18 al 21 de julio.\u00a0<\/span><\/p>\n<div id=\"viewer-efg7z119\" class=\"-Zro6 -ZADH vVfzz _57WYp\"><span class=\"d0767 vVfzz\">\u00a0<\/span><\/div>\n<p id=\"viewer-gim0r120\" class=\"-Zro6 -ZADH vVfzz AnCKd _57WYp\"><span class=\"d0767 vVfzz\">El Instituto del Deporte del Estado de Aguascalientes felicita a Sa\u00fal Loya por este significativo logro y le desea el mayor de los \u00e9xitos en sus futuras competencias.<\/span><\/p>\n<\/div>\n<\/div>\n<\/div>\n<\/div>\n","protected":false},"excerpt":{"rendered":"<p>#informativoelvalledeaguascalientes #novaradioaguascalientes #informativoelvalledeaguascalientesll #ElGiganteDeMexico El Gobierno del Estado informa que Sa\u00fal Loya, deportista aguascalentense, obtuvo el primer lugar en el Estatal de Pista y Campo de M\u00e1sters que se realiz\u00f3 en la ciudad de Chihuahua. \u00a0 En una emocionante competencia, Sa\u00fal Loya demostr\u00f3 su destreza y dedicaci\u00f3n al conquistar el primer lugar sobre los locales [&hellip;]<\/p>\n","protected":false},"author":1,"featured_media":56048,"comment_status":"closed","ping_status":"open","sticky":false,"template":"","format":"standard","meta":{"advanced_seo_description":"","jetpack_seo_html_title":"","jetpack_seo_noindex":false,"_jetpack_memberships_contains_paid_content":false,"footnotes":"","jetpack_publicize_message":"","jetpack_publicize_feature_enabled":true,"jetpack_social_post_already_shared":true,"jetpack_social_options":{"image_generator_settings":{"template":"highway","default_image_id":0,"font":"","enabled":false},"version":2}},"categories":[21,4],"tags":[22,615,113],"class_list":["post-56047","post","type-post","status-publish","format-standard","has-post-thumbnail","hentry","category-aguascalientes","category-gobierno-del-estado-aguascalientes","tag-aguascalientes","tag-gobierno-del-estado-de-aguascalientes","tag-idea"],"jetpack_publicize_connections":[],"jetpack_featured_media_url":"https:\/\/i0.wp.com\/informativoelvalledeaguascalientes.online\/wp-content\/uploads\/2024\/05\/WhatsApp-Image-2024-05-06-at-1.49.22-PM-1.jpeg?fit=1156%2C867&ssl=1","jetpack-related-posts":[],"jetpack_sharing_enabled":true,"jetpack_likes_enabled":true,"_links":{"self":[{"href":"https:\/\/informativoelvalledeaguascalientes.online\/index.php?rest_route=\/wp\/v2\/posts\/56047","targetHints":{"allow":["GET"]}}],"collection":[{"href":"https:\/\/informativoelvalledeaguascalientes.online\/index.php?rest_route=\/wp\/v2\/posts"}],"about":[{"href":"https:\/\/informativoelvalledeaguascalientes.online\/index.php?rest_route=\/wp\/v2\/types\/post"}],"author":[{"embeddable":true,"href":"https:\/\/informativoelvalledeaguascalientes.online\/index.php?rest_route=\/wp\/v2\/users\/1"}],"replies":[{"embeddable":true,"href":"https:\/\/informativoelvalledeaguascalientes.online\/index.php?rest_route=%2Fwp%2Fv2%2Fcomments&post=56047"}],"version-history":[{"count":1,"href":"https:\/\/informativoelvalledeaguascalientes.online\/index.php?rest_route=\/wp\/v2\/posts\/56047\/revisions"}],"predecessor-version":[{"id":56049,"href":"https:\/\/informativoelvalledeaguascalientes.online\/index.php?rest_route=\/wp\/v2\/posts\/56047\/revisions\/56049"}],"wp:featuredmedia":[{"embeddable":true,"href":"https:\/\/informativoelvalledeaguascalientes.online\/index.php?rest_route=\/wp\/v2\/media\/56048"}],"wp:attachment":[{"href":"https:\/\/informativoelvalledeaguascalientes.online\/index.php?rest_route=%2Fwp%2Fv2%2Fmedia&parent=56047"}],"wp:term":[{"taxonomy":"category","embeddable":true,"href":"https:\/\/informativoelvalledeaguascalientes.online\/index.php?rest_route=%2Fwp%2Fv2%2Fcategories&post=56047"},{"taxonomy":"post_tag","embeddable":true,"href":"https:\/\/informativoelvalledeaguascalientes.online\/index.php?rest_route=%2Fwp%2Fv2%2Ftags&post=56047"}],"curies":[{"name":"wp","href":"https:\/\/api.w.org\/{rel}","templated":true}]}}