{"id":56025,"date":"2024-05-05T15:46:01","date_gmt":"2024-05-05T21:46:01","guid":{"rendered":"https:\/\/informativoelvalledeaguascalientes.online\/?p=56025"},"modified":"2024-05-05T15:46:01","modified_gmt":"2024-05-05T21:46:01","slug":"recibe-cesar-medina-respaldo-de-taxistas","status":"publish","type":"post","link":"https:\/\/informativoelvalledeaguascalientes.online\/?p=56025","title":{"rendered":"RECIBE C\u00c9SAR MEDINA RESPALDO DE TAXISTAS"},"content":{"rendered":"<p>#informativoelvalledeaguascalientes<\/p>\n<p>#novaradioaguascalientes<\/p>\n<p>#informativoelvalledeaguascalientesll<\/p>\n<p>El candidato a la presidencia municipal de Jes\u00fas Mar\u00eda por la Coalici\u00f3n Fuerza y Coraz\u00f3n por Aguascalientes, C\u00e9sar Medina Cervantes, se reuni\u00f3 con un grupo de taxistas, quienes le manifestaron su apoyo al mismo tiempo que le solicitaron su intervenci\u00f3n en algunos temas de inter\u00e9s de este gremio.<\/p>\n<p>Medina Cervantes indic\u00f3 que si bien el tema del transporte p\u00fablico, es competencia de Gobierno del Estado y directamente de la Coordinaci\u00f3n de Movilidad, indic\u00f3 que son un sector esencial para Jes\u00fas Mar\u00eda, toda vez que representan una alternativa importante de transporte para las familias, ya sea para ir a la escuela o al trabajo, &#8220;si no fuera por ustedes muchas personas no llegar\u00edan a tiempo a sus compromisos&#8221;, sostuvo.<\/p>\n<p>Por lo anterior, C\u00e9sar Medina ofreci\u00f3 que su gobierno ser\u00e1 un eficiente gestor ante el Gobierno del Estado y la Coordinaci\u00f3n de Movilidad, para atender necesidades y demandas de este gremio, especialmente de aquellos que viven o realizan su trabajo dentro del territorio municipal.<\/p>\n<p>&#8220;Cuenten conmigo para gestionar con Movilidad temas que los beneficien, vamos a hacer equipo en lo que se ofrezca&#8221; dijo el abanderado de los partidos Acci\u00f3n Nacional, Revolucionario Institucional y de la Revoluci\u00f3n Democr\u00e1tica.<\/p>\n<p>Por su parte los taxistas refrendaron su respaldo a C\u00e9sar Medina y a su proyecto para llegar a la Presidencia Municipal de Jes\u00fas Mar\u00eda, para implementar en conjunto con el gobierno que encabezar\u00e1, programas que beneficien a la ciudadan\u00eda as\u00ed como a su sector.<\/p>\n","protected":false},"excerpt":{"rendered":"<p>#informativoelvalledeaguascalientes #novaradioaguascalientes #informativoelvalledeaguascalientesll El candidato a la presidencia municipal de Jes\u00fas Mar\u00eda por la Coalici\u00f3n Fuerza y Coraz\u00f3n por Aguascalientes, C\u00e9sar Medina Cervantes, se reuni\u00f3 con un grupo de taxistas, quienes le manifestaron su apoyo al mismo tiempo que le solicitaron su intervenci\u00f3n en algunos temas de inter\u00e9s de este gremio. Medina Cervantes indic\u00f3 que [&hellip;]<\/p>\n","protected":false},"author":1,"featured_media":56026,"comment_status":"closed","ping_status":"open","sticky":false,"template":"","format":"standard","meta":{"advanced_seo_description":"","jetpack_seo_html_title":"","jetpack_seo_noindex":false,"_jetpack_memberships_contains_paid_content":false,"footnotes":"","jetpack_publicize_message":"","jetpack_publicize_feature_enabled":true,"jetpack_social_post_already_shared":true,"jetpack_social_options":{"image_generator_settings":{"template":"highway","default_image_id":0,"font":"","enabled":false},"version":2}},"categories":[21,762,7],"tags":[22,765,764,665],"class_list":["post-56025","post","type-post","status-publish","format-standard","has-post-thumbnail","hentry","category-aguascalientes","category-elecciones-2024","category-pan-aguascalientes","tag-aguascalientes","tag-cesar-medina","tag-elecciones-2024","tag-pan"],"jetpack_publicize_connections":[],"jetpack_featured_media_url":"https:\/\/i0.wp.com\/informativoelvalledeaguascalientes.online\/wp-content\/uploads\/2024\/05\/WhatsApp-Image-2024-05-05-at-13.07.35.jpeg?fit=1600%2C1066&ssl=1","jetpack-related-posts":[],"jetpack_sharing_enabled":true,"jetpack_likes_enabled":true,"_links":{"self":[{"href":"https:\/\/informativoelvalledeaguascalientes.online\/index.php?rest_route=\/wp\/v2\/posts\/56025","targetHints":{"allow":["GET"]}}],"collection":[{"href":"https:\/\/informativoelvalledeaguascalientes.online\/index.php?rest_route=\/wp\/v2\/posts"}],"about":[{"href":"https:\/\/informativoelvalledeaguascalientes.online\/index.php?rest_route=\/wp\/v2\/types\/post"}],"author":[{"embeddable":true,"href":"https:\/\/informativoelvalledeaguascalientes.online\/index.php?rest_route=\/wp\/v2\/users\/1"}],"replies":[{"embeddable":true,"href":"https:\/\/informativoelvalledeaguascalientes.online\/index.php?rest_route=%2Fwp%2Fv2%2Fcomments&post=56025"}],"version-history":[{"count":1,"href":"https:\/\/informativoelvalledeaguascalientes.online\/index.php?rest_route=\/wp\/v2\/posts\/56025\/revisions"}],"predecessor-version":[{"id":56027,"href":"https:\/\/informativoelvalledeaguascalientes.online\/index.php?rest_route=\/wp\/v2\/posts\/56025\/revisions\/56027"}],"wp:featuredmedia":[{"embeddable":true,"href":"https:\/\/informativoelvalledeaguascalientes.online\/index.php?rest_route=\/wp\/v2\/media\/56026"}],"wp:attachment":[{"href":"https:\/\/informativoelvalledeaguascalientes.online\/index.php?rest_route=%2Fwp%2Fv2%2Fmedia&parent=56025"}],"wp:term":[{"taxonomy":"category","embeddable":true,"href":"https:\/\/informativoelvalledeaguascalientes.online\/index.php?rest_route=%2Fwp%2Fv2%2Fcategories&post=56025"},{"taxonomy":"post_tag","embeddable":true,"href":"https:\/\/informativoelvalledeaguascalientes.online\/index.php?rest_route=%2Fwp%2Fv2%2Ftags&post=56025"}],"curies":[{"name":"wp","href":"https:\/\/api.w.org\/{rel}","templated":true}]}}